{"id":75347,"date":"2021-01-15T22:00:36","date_gmt":"2021-01-16T01:00:36","guid":{"rendered":"http:\/\/pdt-rj.org.br\/?p=75347"},"modified":"2021-01-19T19:30:03","modified_gmt":"2021-01-19T22:30:03","slug":"oposicao-apresentara-pedido-de-impeachment-contra-bolsonaro-por-caos-no-amazonas","status":"publish","type":"post","link":"https:\/\/pdt-rj.org.br\/index.php\/oposicao-apresentara-pedido-de-impeachment-contra-bolsonaro-por-caos-no-amazonas\/","title":{"rendered":"Oposi\u00e7\u00e3o apresentar\u00e1 pedido de impeachment contra Bolsonaro por caos no Amazonas"},"content":{"rendered":"<p>O PDT, juntamente com outros partidos de oposi\u00e7\u00e3o, divulgaram, nesta sexta-feira (15), uma nota anunciando que apresentar\u00e3o novo pedido de impeachment do presidente da Rep\u00fablica, Jair Bolsonaro, em fun\u00e7\u00e3o da crise sanit\u00e1ria vivida no estado do Amazonas. O estado enfrenta aumento de casos e mortes por covid-19 e, recentemente, falta de oxig\u00eanio em hospitais.<\/p>\n<p>Al\u00e9m do presidente nacional do PDT, Carlos Lupi, a nota tamb\u00e9m \u00e9 assinada pelos l\u00edderes da Rede, PSB, PT e PCdoB, para os quais Bolsonaro deve ser responsabilizado por deixar o Amazonas sem oxig\u00eanio e por ser contr\u00e1rio \u00e0s medidas de distanciamento social, uso de m\u00e1scaras e &#8220;difundir desinforma\u00e7\u00e3o&#8221;.<\/p>\n<p>&#8220;Considerando a pr\u00e1tica de crimes de responsabilidade em s\u00e9rie, que resultaram na dor asfixiante do Amazonas e de milhares de fam\u00edlias brasileiras, nossos partidos &#8211; Rede, PSB, PT, PCdoB e PDT &#8211; decidiram apresentar novo pedido de impeachment do presidente Jair Bolsonaro. O presidente da Rep\u00fablica deve ser pol\u00edtica e criminalmente responsabilizado por deixar sem oxig\u00eanio o Amazonas, por sabotar pesquisas e campanhas de vacina\u00e7\u00e3o, por desincentivar o uso de m\u00e1scaras e incentivar o uso de medicamentos ineficazes, por difundir desinforma\u00e7\u00e3o, al\u00e9m de violar o pacto constitucional entre Uni\u00e3o, Estados e Munic\u00edpios&#8221;, diz a nota.<\/p>\n<p>O texto pede rea\u00e7\u00e3o do Congresso Nacional \u00e0s a\u00e7\u00f5es do presidente e tamb\u00e9m pede que sejam adotadas a\u00e7\u00f5es para colaborar com o combate \u00e0 pandemia de covid-19.<\/p>\n<p><strong>Rea\u00e7\u00e3o Social<\/strong><\/p>\n<p>Diante da situa\u00e7\u00e3o no Amazonas e em todo o Pa\u00eds, Lupi <a href=\"http:\/\/pdt-rj.org.br\/index.php\/com-manaus-am-em-colapso-lupi-denuncia-bolsonaro-e-corresponsavel\/\">convocou a sociedade<\/a> para se unir em prol da constru\u00e7\u00e3o de uma rede de solidariedade para salvar vidas e combater o governo.<\/p>\n<p>\u201cEstamos batendo todos os recordes de contamina\u00e7\u00e3o e de mortos, com um triste e melanc\u00f3lico no estado do Amazonas, que precisa da solidariedade de todo o povo brasileiro. Sequer oxig\u00eanio estamos tendo para salvar as vidas dos coirm\u00e3os brasileiros\u201d, afirma.<\/p>\n<p>Ainda nesta sexta-feira, o PDT entrou com <a href=\"http:\/\/pdt-rj.org.br\/index.php\/pdt-ajuiza-acao-que-exige-medidas-urgentes-do-governo-federal-para-abastecimento-da-rede-de-saude-do-amazonas\/\">um pedido de medida cautelar<\/a> na Comiss\u00e3o Interamericana de Direitos Humanos (CIDH) exigindo que o Governo Federal e, principalmente, o Bolsonaro tome medidas imediatas para o abastecimento da rede de sa\u00fade do Amazonas. O estado enfrenta um verdadeiro colapso em sua rede hospitalar devido a falta de cilindros de oxig\u00eanio para pacientes de Covid-19.<\/p>\n<p>\u201cO Presidente da Rep\u00fablica mant\u00e9m-se inerte diante do colapso da falta de oxig\u00eanio do estado do Amazonas, que acarretou na morte de v\u00e1rias pessoas, por asfixia. Isso porque enquanto os hospitais est\u00e3o sem oxig\u00eanio para atender as pessoas, o Presidente da Rep\u00fablica mant\u00e9m-se inerte, sem instaurar um plano eficiente para evitar a ocorr\u00eancia de mais mortes no Estado\u201d, afirma a peti\u00e7\u00e3o.<\/p>\n<p>&nbsp;<\/p>\n<p>Confira abaixo a \u00edntegra da nota da Oposi\u00e7\u00e3o:<\/p>\n<p style=\"text-align: center;\"><strong>NOTA DA OPOSI\u00c7\u00c3O<\/strong><\/p>\n<p>Considerando a pr\u00e1tica de crimes de responsabilidade em s\u00e9rie, que resultaram na dor asfixiante do Amazonas e de milhares de fam\u00edlias brasileiras, nossos partidos \u2013 Rede, PSB, PT, PCdoB e PDT &#8211; decidiram apresentar novo pedido de impeachment do presidente Jair Bolsonaro. O presidente da Rep\u00fablica deve ser pol\u00edtica e criminalmente responsabilizado por deixar sem oxig\u00eanio o Amazonas, por sabotar pesquisas e campanhas de vacina\u00e7\u00e3o, por desincentivar o uso de m\u00e1scaras e incentivar o uso de medicamentos ineficazes, por difundir desinforma\u00e7\u00e3o, al\u00e9m de violar o pacto constitucional entre Uni\u00e3o, Estados e Munic\u00edpios.<\/p>\n<p>O Brasil est\u00e1 morrendo sufocado por este presidente. Basta! J\u00e1 passou da hora de o Congresso Nacional, representando a na\u00e7\u00e3o, reagir.<\/p>\n<p>Defendemos, tamb\u00e9m, que o Congresso volte a funcionar imediatamente, para aprovar medidas que possam colaborar decisivamente para sanar os graves problemas que vitimam a popula\u00e7\u00e3o do Amazonas e de todo o Brasil.<\/p>\n<p>&nbsp;<\/p>\n<p style=\"text-align: center;\"><strong>Bras\u00edlia, 15 de janeiro de 2021<\/strong><\/p>\n<p style=\"text-align: center;\">Pedro Ivo Batista e La\u00eds Garcia &#8211; Porta-vozes da Rede Sustentabilidade<\/p>\n<p style=\"text-align: center;\">Carlos Siqueira &#8211; Presidente do PSB<\/p>\n<p style=\"text-align: center;\">Gleisi Hoffman &#8211; Presidente do PT<\/p>\n<p style=\"text-align: center;\">Luciana Santos &#8211; Presidente do PCdoB<\/p>\n<p style=\"text-align: center;\">Carlos Lupi &#8211; Presidente do PDT<\/p>\n<p style=\"text-align: center;\">Jos\u00e9 Guimar\u00e3es &#8211; L\u00edder da Minoria na C\u00e2mara<\/p>\n<p style=\"text-align: center;\">Andr\u00e9 Figueiredo &#8211; L\u00edder da Oposi\u00e7\u00e3o na C\u00e2mara<\/p>\n<p style=\"text-align: center;\">Joenia Wapichana &#8211; L\u00edder da Rede Sustentabilidade<\/p>\n<p style=\"text-align: center;\">Alessandro Molon &#8211; L\u00edder do PSB<\/p>\n<p style=\"text-align: center;\">Enio Verri &#8211; L\u00edder do PT<\/p>\n<p style=\"text-align: center;\">Perp\u00e9tua Almeida &#8211; L\u00edder do PCdoB<\/p>\n<p style=\"text-align: center;\">Wolney Queiroz &#8211; L\u00edder do PDT<\/p>\n<p style=\"text-align: center;\">Carlos Zarattini &#8211; L\u00edder da Minoria no Congresso Nacional<\/p>\n<!-- AddThis Advanced Settings generic via filter on the_content --><!-- AddThis Share Buttons generic via filter on the_content -->","protected":false},"excerpt":{"rendered":"<p>O PDT, juntamente com outros partidos de oposi\u00e7\u00e3o, divulgaram, nesta sexta-feira (15), uma nota anunciando que apresentar\u00e3o novo pedido de impeachment do presidente da Rep\u00fablica, Jair Bolsonaro, em fun\u00e7\u00e3o da crise sanit\u00e1ria vivida no estado do Amazonas. O estado enfrenta aumento de casos e mortes por covid-19 e, recentemente, falta de oxig\u00eanio em hospitais. Al\u00e9m&#8230;<!-- AddThis Advanced Settings generic via filter on wp_trim_excerpt --><!-- AddThis Share Buttons generic via filter on wp_trim_excerpt --><\/p>\n","protected":false},"author":17,"featured_media":75349,"comment_status":"closed","ping_status":"closed","sticky":false,"template":"","format":"standard","meta":{"_monsterinsights_skip_tracking":false,"_monsterinsights_sitenote_active":false,"_monsterinsights_sitenote_note":"","_monsterinsights_sitenote_category":0,"_uf_show_specific_survey":0,"_uf_disable_surveys":false,"footnotes":""},"categories":[1390,1401,976],"tags":[],"class_list":["post-75347","post","type-post","status-publish","format-standard","has-post-thumbnail","hentry","category-editorias","category-nacional","category-noticias-em-destaque"],"acf":[],"_links":{"self":[{"href":"https:\/\/pdt-rj.org.br\/index.php\/wp-json\/wp\/v2\/posts\/75347","targetHints":{"allow":["GET"]}}],"collection":[{"href":"https:\/\/pdt-rj.org.br\/index.php\/wp-json\/wp\/v2\/posts"}],"about":[{"href":"https:\/\/pdt-rj.org.br\/index.php\/wp-json\/wp\/v2\/types\/post"}],"author":[{"embeddable":true,"href":"https:\/\/pdt-rj.org.br\/index.php\/wp-json\/wp\/v2\/users\/17"}],"replies":[{"embeddable":true,"href":"https:\/\/pdt-rj.org.br\/index.php\/wp-json\/wp\/v2\/comments?post=75347"}],"version-history":[{"count":6,"href":"https:\/\/pdt-rj.org.br\/index.php\/wp-json\/wp\/v2\/posts\/75347\/revisions"}],"predecessor-version":[{"id":75409,"href":"https:\/\/pdt-rj.org.br\/index.php\/wp-json\/wp\/v2\/posts\/75347\/revisions\/75409"}],"wp:featuredmedia":[{"embeddable":true,"href":"https:\/\/pdt-rj.org.br\/index.php\/wp-json\/wp\/v2\/media\/75349"}],"wp:attachment":[{"href":"https:\/\/pdt-rj.org.br\/index.php\/wp-json\/wp\/v2\/media?parent=75347"}],"wp:term":[{"taxonomy":"category","embeddable":true,"href":"https:\/\/pdt-rj.org.br\/index.php\/wp-json\/wp\/v2\/categories?post=75347"},{"taxonomy":"post_tag","embeddable":true,"href":"https:\/\/pdt-rj.org.br\/index.php\/wp-json\/wp\/v2\/tags?post=75347"}],"curies":[{"name":"wp","href":"https:\/\/api.w.org\/{rel}","templated":true}]}}