{"id":75278,"date":"2021-01-12T14:28:51","date_gmt":"2021-01-12T17:28:51","guid":{"rendered":"http:\/\/pdt-rj.org.br\/?p=75278"},"modified":"2021-01-18T17:24:12","modified_gmt":"2021-01-18T20:24:12","slug":"ciro-alerta-sobre-desindustrializacao-no-pais-bolsonaro-vai-liquidar-nossa-nacao","status":"publish","type":"post","link":"https:\/\/pdt-rj.org.br\/index.php\/ciro-alerta-sobre-desindustrializacao-no-pais-bolsonaro-vai-liquidar-nossa-nacao\/","title":{"rendered":"Ciro alerta sobre desindustrializa\u00e7\u00e3o do Pa\u00eds: \u201cBolsonaro vai liquidar nossa Na\u00e7\u00e3o\u201d"},"content":{"rendered":"<div class=\"msg-body P_wpofO mq_AS\" data-test-id=\"message-view-body-content\">\n<div class=\"jb_0 X_6MGW N_6Fd5\">\n<div id=\"yiv8367191094\">\n<div dir=\"ltr\">\n<p class=\"yiv8367191094MsoNormal\"><em><strong>Ao citar o fechamento das f\u00e1bricas da Ford, ex-governador do Cear\u00e1 voltou a refor\u00e7ar a necessidade de impeachment<\/strong><\/em><\/p>\n<p class=\"yiv8367191094MsoNormal\">O ex-governador do Cear\u00e1 e vice-presidente nacional do PDT, Ciro Gomes, culpou o presidente da Rep\u00fablica, Jair Bolsonaro, pelo fechamento das f\u00e1bricas da Ford no Brasil e a iminente demiss\u00e3o de quase 5 mil trabalhadores. Anunciada nesta segunda-feira (11), a sa\u00edda da empresa americana representa, segundo o pedetista, mais um sinal do extenso processo de redu\u00e7\u00e3o da capacidade industrial no pa\u00eds.<\/p>\n<p class=\"yiv8367191094MsoNormal\">\u201cQue desastre, meu Deus do c\u00e9u! A Ford anunciou que vai fechar todas as suas f\u00e1bricas no Brasil. Com a sa\u00edda de mais uma montadora, nosso pa\u00eds segue afundando no processo de desindustrializa\u00e7\u00e3o. Bolsonaro vai liquidar nossa Na\u00e7\u00e3o! Congresso, cumpra seu dever: IMPEACHMENT J\u00c1!\u201d, criticou.<\/p>\n<p class=\"yiv8367191094MsoNormal\">Em conson\u00e2ncia, o l\u00edder da Oposi\u00e7\u00e3o na C\u00e2mara dos Deputados, Andr\u00e9 Figueiredo, lamentou a ca\u00f3tica situa\u00e7\u00e3o da economia nacional, o que indica uma amplia\u00e7\u00e3o da depend\u00eancia do setor agr\u00edcola.<\/p>\n<p class=\"yiv8367191094MsoNormal\">\u201cO Brasil se desindustrializa cada vez mais. Vai sobrar apenas planta\u00e7\u00e3o de soja?\u201d, indagou, ao mostrar que o maior pa\u00eds da Am\u00e9rica Latina deixou de ser atrativo no mercado global de produtos de maior valor agregado.<\/p>\n<p class=\"yiv8367191094MsoNormal\"><strong>Realidade<\/strong><\/p>\n<p class=\"yiv8367191094MsoNormal\">At\u00e9 o final do ano, a empresa encerrar\u00e1 todas as atividades das plantas localizadas em Cama\u00e7ari (BA), Taubat\u00e9 (SP) e Horizonte (CE), que tamb\u00e9m monta os modelos da Troller, marca pertencente \u00e0 Ford. Ao longo dos pr\u00f3ximos meses, somente pe\u00e7as ser\u00e3o confeccionadas para garantir disponibilidade dos estoques de p\u00f3s-venda.<\/p>\n<p class=\"yiv8367191094MsoNormal\">Como justificativa, o gestor da empresa indica que o cen\u00e1rio brasileiro se tornou pouco atraente para a manuten\u00e7\u00e3o da produ\u00e7\u00e3o no Brasil, que foram iniciadas em 1\u00ba de maio de 1919, na cidade de S\u00e3o Paulo.<\/p>\n<p class=\"yiv8367191094gmail-MsoNoSpacing\">\u201cA Ford est\u00e1 presente h\u00e1 mais de um s\u00e9culo na Am\u00e9rica do Sul e no Brasil e sabemos que essas s\u00e3o a\u00e7\u00f5es muito dif\u00edceis, mas necess\u00e1rias, para a cria\u00e7\u00e3o de um neg\u00f3cio saud\u00e1vel e sustent\u00e1vel\u201d, disse Jim Farley, presidente e CEO da Ford.<\/p>\n<p class=\"yiv8367191094gmail-MsoNoSpacing\">Com isso, as aten\u00e7\u00f5es ser\u00e3o direcionadas para o Uruguai e a Argentina. Em dezembro do \u00faltimo ano, durante encontro com o presidente argentino, Alberto Fern\u00e1ndez, o presidente da Ford para Am\u00e9rica do Sul, Lyle Watters, projetou investimentos de\u00a0US$ 580\u00a0milh\u00f5es na moderniza\u00e7\u00e3o da unidade instalada e de aumento significativo na nacionaliza\u00e7\u00e3o de pe\u00e7as.<\/p>\n<\/div>\n<\/div>\n<\/div>\n<\/div>\n<div class=\"jb_0 X_6MGW N_6Fd5\">\n<div class=\"P_0 je_fq7\">\n<ul class=\"hd_n D_F eo_HB M_gQyVX P_0\">\n<li class=\"E_6Fd5 Y_6LEV\" data-test-id=\"attachment-tray-list-item\">\n<div class=\"W_3n93F p_R\" data-test-id=\"attachment-item\">\n<div class=\"I_2iedTo k_w H_7yHc p_R o_h\" data-test-id=\"attachment-container\"><\/div>\n<\/div>\n<\/li>\n<\/ul>\n<\/div>\n<\/div>\n<!-- AddThis Advanced Settings generic via filter on the_content --><!-- AddThis Share Buttons generic via filter on the_content -->","protected":false},"excerpt":{"rendered":"<p>Ao citar o fechamento das f\u00e1bricas da Ford, ex-governador do Cear\u00e1 voltou a refor\u00e7ar a necessidade de impeachment O ex-governador do Cear\u00e1 e vice-presidente nacional do PDT, Ciro Gomes, culpou o presidente da Rep\u00fablica, Jair Bolsonaro, pelo fechamento das f\u00e1bricas da Ford no Brasil e a iminente demiss\u00e3o de quase 5 mil trabalhadores. Anunciada nesta&#8230;<!-- AddThis Advanced Settings generic via filter on wp_trim_excerpt --><!-- AddThis Share Buttons generic via filter on wp_trim_excerpt --><\/p>\n","protected":false},"author":17,"featured_media":75279,"comment_status":"closed","ping_status":"closed","sticky":false,"template":"","format":"standard","meta":{"_monsterinsights_skip_tracking":false,"_monsterinsights_sitenote_active":false,"_monsterinsights_sitenote_note":"","_monsterinsights_sitenote_category":0,"_uf_show_specific_survey":0,"_uf_disable_surveys":false,"footnotes":""},"categories":[1390,975,1401,976],"tags":[],"class_list":["post-75278","post","type-post","status-publish","format-standard","has-post-thumbnail","hentry","category-editorias","category-manchete","category-nacional","category-noticias-em-destaque"],"acf":[],"_links":{"self":[{"href":"https:\/\/pdt-rj.org.br\/index.php\/wp-json\/wp\/v2\/posts\/75278","targetHints":{"allow":["GET"]}}],"collection":[{"href":"https:\/\/pdt-rj.org.br\/index.php\/wp-json\/wp\/v2\/posts"}],"about":[{"href":"https:\/\/pdt-rj.org.br\/index.php\/wp-json\/wp\/v2\/types\/post"}],"author":[{"embeddable":true,"href":"https:\/\/pdt-rj.org.br\/index.php\/wp-json\/wp\/v2\/users\/17"}],"replies":[{"embeddable":true,"href":"https:\/\/pdt-rj.org.br\/index.php\/wp-json\/wp\/v2\/comments?post=75278"}],"version-history":[{"count":6,"href":"https:\/\/pdt-rj.org.br\/index.php\/wp-json\/wp\/v2\/posts\/75278\/revisions"}],"predecessor-version":[{"id":75380,"href":"https:\/\/pdt-rj.org.br\/index.php\/wp-json\/wp\/v2\/posts\/75278\/revisions\/75380"}],"wp:featuredmedia":[{"embeddable":true,"href":"https:\/\/pdt-rj.org.br\/index.php\/wp-json\/wp\/v2\/media\/75279"}],"wp:attachment":[{"href":"https:\/\/pdt-rj.org.br\/index.php\/wp-json\/wp\/v2\/media?parent=75278"}],"wp:term":[{"taxonomy":"category","embeddable":true,"href":"https:\/\/pdt-rj.org.br\/index.php\/wp-json\/wp\/v2\/categories?post=75278"},{"taxonomy":"post_tag","embeddable":true,"href":"https:\/\/pdt-rj.org.br\/index.php\/wp-json\/wp\/v2\/tags?post=75278"}],"curies":[{"name":"wp","href":"https:\/\/api.w.org\/{rel}","templated":true}]}}