{"id":75273,"date":"2021-01-12T13:03:16","date_gmt":"2021-01-12T16:03:16","guid":{"rendered":"http:\/\/pdt-rj.org.br\/?p=75273"},"modified":"2021-01-12T13:03:49","modified_gmt":"2021-01-12T16:03:49","slug":"coronavac-intervencao-do-ministerio-da-saude-retarda-vacinacao-em-niteroi","status":"publish","type":"post","link":"https:\/\/pdt-rj.org.br\/index.php\/coronavac-intervencao-do-ministerio-da-saude-retarda-vacinacao-em-niteroi\/","title":{"rendered":"CoronaVac: interven\u00e7\u00e3o do Minist\u00e9rio da Sa\u00fade retarda vacina\u00e7\u00e3o em Niter\u00f3i (RJ)"},"content":{"rendered":"<div class=\"msg-body P_wpofO mq_AS\" data-test-id=\"message-view-body-content\">\n<div class=\"jb_0 X_6MGW N_6Fd5\">\n<div id=\"yiv5754902125\">\n<div dir=\"ltr\">\n<p class=\"yiv5754902125MsoNormal\"><em><strong>Prefeitura fluminense tinha memorando assinado, com governo de S\u00e3o Paulo, para compra direta de 1,1 milh\u00e3o de doses<\/strong><\/em><\/p>\n<p class=\"yiv5754902125MsoNormal\">Em busca da aquisi\u00e7\u00e3o de 1,1 milh\u00e3o de doses da CoronaVac, a partir do memorando de inten\u00e7\u00f5es assinado, ainda em 2020, pelo ent\u00e3o prefeito Rodrigo Neves, a prefeitura de Niter\u00f3i promoveu uma reuni\u00e3o com o governo do Estado de S\u00e3o Paulo, nesta segunda-feira (11). O processo foi cancelado ap\u00f3s a interven\u00e7\u00e3o do Minist\u00e9rio da Sa\u00fade, que adquiriu toda a produ\u00e7\u00e3o do Instituto Butantan &#8211; mesmo sem defini\u00e7\u00e3o do Plano Nacional de Imuniza\u00e7\u00e3o -, o que retardar\u00e1 o pleno in\u00edcio da vacina\u00e7\u00e3o na cidade, at\u00e9 ent\u00e3o prevista para o final de janeiro.<\/p>\n<p class=\"yiv5754902125MsoNormal\">Durante encontro virtual com o governador de S\u00e3o Paulo, Jo\u00e3o Doria, o atual prefeito, Axel Grael, relembrou que a cidade foi a \u00fanica do estado do Rio a participar da mobiliza\u00e7\u00e3o mundial pela CoronaVac, com testes da Fase 3 realizados, desde o \u00faltimo m\u00eas de agosto, em parceria com a farmac\u00eautica chinesa Sinovac. Durante o debate, tamb\u00e9m refor\u00e7ou a capacidade para executar a prote\u00e7\u00e3o de toda a popula\u00e7\u00e3o contra o Covid-19, diante da exist\u00eancia da maior cobertura de aten\u00e7\u00e3o b\u00e1sica da sa\u00fade p\u00fablica da Regi\u00e3o Metropolitana do Rio.<\/p>\n<p class=\"yiv5754902125MsoNormal\">&#8220;Niter\u00f3i est\u00e1 preparada para iniciar a vacina\u00e7\u00e3o ainda este m\u00eas, com equipes e insumos necess\u00e1rios&#8221;, garantiu, ao lado do secret\u00e1rio municipal de Sa\u00fade, Rodrigo Oliveira.<\/p>\n<p class=\"yiv5754902125MsoNormal\">Ao enfatizar os amplos e capacitados sistemas p\u00fablicos de sa\u00fade nacional e municipal, Grael alertou para o est\u00e1gio das a\u00e7\u00f5es no governo federal e o desejo de acelerar a aplica\u00e7\u00e3o.<\/p>\n<p class=\"yiv5754902125MsoNormal\">&#8220;A compra integral das vacinas do Instituto Butantan, pelo Minist\u00e9rio da Sa\u00fade, \u00e9 uma vit\u00f3ria do SUS. No entanto, \u00e9 urgente que o Governo Federal coloque em pr\u00e1tica o Plano Nacional de Imuniza\u00e7\u00e3o, do qual Niter\u00f3i far\u00e1 parte. J\u00e1 entrei em contato com o Minist\u00e9rio da Sa\u00fade, Secret\u00e1ria de Estado de Sa\u00fade, Fiocruz e Butantan para comunicar que estamos prontos para a imuniza\u00e7\u00e3o&#8221;.<\/p>\n<p class=\"yiv5754902125MsoNormal\">Em visita a Manaus durante nesta segunda-feira (11), o ministro da Sa\u00fade, Eduardo Pazuello, n\u00e3o garantiu prazos para iniciar a oferta de imunizantes. Em um momento da entrevista, manifestou imprecis\u00e3o sobre a estrat\u00e9gia federal. &#8220;A vacina vai come\u00e7ar no dia D, na hora H no Brasil\u201d, explicou.<\/p>\n<p class=\"yiv5754902125MsoNormal\">Em solenidade de apresenta\u00e7\u00e3o do Plano Nacional de Imuniza\u00e7\u00e3o, na \u00faltima quarta-feira (16), Pazuello criticou a cobran\u00e7a da sociedade sobre a Uni\u00e3o e rebateu cr\u00edticas. &#8220;Pra que essa ansiedade, essa ang\u00fastia? Somos a refer\u00eancia na Am\u00e9rica Latina e estamos trabalhando\u201d, disse, mesmo sem justificar o atraso nas negocia\u00e7\u00f5es com fornecedores n\u00e3o s\u00f3 do imunizante, mas tamb\u00e9m de insumos, como seringas e agulhas.<\/p>\n<p class=\"yiv5754902125MsoNormal\">Na \u00faltima sexta-feira (8), o Butantan protocolou oficialmente o pedido de uso emergencial de 6 milh\u00f5es de doses oriundas da China, mas n\u00e3o recebeu ainda o aval da Ag\u00eancia Nacional de Vigil\u00e2ncia Sanit\u00e1ria (Anvisa), que segue analisando a documenta\u00e7\u00e3o.<\/p>\n<\/div>\n<\/div>\n<\/div>\n<\/div>\n<!-- AddThis Advanced Settings generic via filter on the_content --><!-- AddThis Share Buttons generic via filter on the_content -->","protected":false},"excerpt":{"rendered":"<p>Prefeitura fluminense tinha memorando assinado, com governo de S\u00e3o Paulo, para compra direta de 1,1 milh\u00e3o de doses Em busca da aquisi\u00e7\u00e3o de 1,1 milh\u00e3o de doses da CoronaVac, a partir do memorando de inten\u00e7\u00f5es assinado, ainda em 2020, pelo ent\u00e3o prefeito Rodrigo Neves, a prefeitura de Niter\u00f3i promoveu uma reuni\u00e3o com o governo do&#8230;<!-- AddThis Advanced Settings generic via filter on wp_trim_excerpt --><!-- AddThis Share Buttons generic via filter on wp_trim_excerpt --><\/p>\n","protected":false},"author":17,"featured_media":75274,"comment_status":"closed","ping_status":"closed","sticky":false,"template":"","format":"standard","meta":{"_monsterinsights_skip_tracking":false,"_monsterinsights_sitenote_active":false,"_monsterinsights_sitenote_note":"","_monsterinsights_sitenote_category":0,"_uf_show_specific_survey":0,"_uf_disable_surveys":false,"footnotes":""},"categories":[976],"tags":[],"class_list":["post-75273","post","type-post","status-publish","format-standard","has-post-thumbnail","hentry","category-noticias-em-destaque"],"acf":[],"_links":{"self":[{"href":"https:\/\/pdt-rj.org.br\/index.php\/wp-json\/wp\/v2\/posts\/75273","targetHints":{"allow":["GET"]}}],"collection":[{"href":"https:\/\/pdt-rj.org.br\/index.php\/wp-json\/wp\/v2\/posts"}],"about":[{"href":"https:\/\/pdt-rj.org.br\/index.php\/wp-json\/wp\/v2\/types\/post"}],"author":[{"embeddable":true,"href":"https:\/\/pdt-rj.org.br\/index.php\/wp-json\/wp\/v2\/users\/17"}],"replies":[{"embeddable":true,"href":"https:\/\/pdt-rj.org.br\/index.php\/wp-json\/wp\/v2\/comments?post=75273"}],"version-history":[{"count":2,"href":"https:\/\/pdt-rj.org.br\/index.php\/wp-json\/wp\/v2\/posts\/75273\/revisions"}],"predecessor-version":[{"id":75276,"href":"https:\/\/pdt-rj.org.br\/index.php\/wp-json\/wp\/v2\/posts\/75273\/revisions\/75276"}],"wp:featuredmedia":[{"embeddable":true,"href":"https:\/\/pdt-rj.org.br\/index.php\/wp-json\/wp\/v2\/media\/75274"}],"wp:attachment":[{"href":"https:\/\/pdt-rj.org.br\/index.php\/wp-json\/wp\/v2\/media?parent=75273"}],"wp:term":[{"taxonomy":"category","embeddable":true,"href":"https:\/\/pdt-rj.org.br\/index.php\/wp-json\/wp\/v2\/categories?post=75273"},{"taxonomy":"post_tag","embeddable":true,"href":"https:\/\/pdt-rj.org.br\/index.php\/wp-json\/wp\/v2\/tags?post=75273"}],"curies":[{"name":"wp","href":"https:\/\/api.w.org\/{rel}","templated":true}]}}