{"id":75191,"date":"2020-12-31T12:30:40","date_gmt":"2020-12-31T15:30:40","guid":{"rendered":"http:\/\/pdt-rj.org.br\/?p=75191"},"modified":"2020-12-31T12:32:42","modified_gmt":"2020-12-31T15:32:42","slug":"rodrigo-neves-e-axel-grael-prestam-contas-ao-pdt-de-niteroi-e-ressaltam-vitoria-sobre-a-extrema-direita-na-cidade","status":"publish","type":"post","link":"https:\/\/pdt-rj.org.br\/index.php\/rodrigo-neves-e-axel-grael-prestam-contas-ao-pdt-de-niteroi-e-ressaltam-vitoria-sobre-a-extrema-direita-na-cidade\/","title":{"rendered":"Rodrigo Neves e Axel Grael prestam contas ao PDT de Niter\u00f3i e ressaltam vit\u00f3ria sobre a extrema-direita na cidade"},"content":{"rendered":"<p>Em plen\u00e1ria realizada na \u00faltima segunda-feira (28) no PDT de Niter\u00f3i (RJ), o atual prefeito e presidente do partido, Rodrigo Neves, exaltou a vit\u00f3ria acachapante no primeiro turno sobre a extrema direita na cidade \u2013 62% a 9% \u2013 e ressaltou que Niter\u00f3i est\u00e1 indo para 35 anos de governos progressistas. Ele comparou Niter\u00f3i com a Escandin\u00e1via, que \u00e9 mantida com governos social democratas que proporcionam qualidade de vida e bem estar social.<\/p>\n<p>Rodrigo Neves tamb\u00e9m se mostrou firme quanto aos ataques que vem sofrendo por persegui\u00e7\u00e3o pol\u00edtica e colocou um ex-vereador e atualmente deputado, aliado do presidente Bolsonaro,\u00a0 como principal articulador em Bras\u00edlia para, juntamente com o Governo Federal, tentar o enfraquecimento da figura dele, que enfrentou toda a Pandemia com atua\u00e7\u00e3o com destaque internacional, fazendo um contraponto a p\u00e9ssima atua\u00e7\u00e3o do Presidente. Finalizando com a compra da Vacina que \u00e9 rejeitada presidente por pura guerra pol\u00edtica.<\/p>\n<p>Rodrigo Neves disse que vai trabalhar \u00e0 partir do ano que vem para que o advers\u00e1rio sofra uma grande derrota nas urnas em 2022 e pediu que a milit\u00e2ncia tenha ele como o principal a ser combatido na cidade. Para n\u00e3o deixarmos um ataque ou fakenews que tenha partido dele sem resposta.<\/p>\n<p>Foi uma plen\u00e1ria importante, que marcou o fim do seu segundo mandato com uma vit\u00f3ria hist\u00f3rica do seu sucessor. Estiveram presentes muitas lideran\u00e7as do campo progressista da cidade, muitos secret\u00e1rios do pr\u00f3ximo governo, os vereadores da bancada do PDT, a esposa do querido Carlos Roberto Boechat, que foi homenageado na ocasi\u00e3o e parte da milit\u00e2ncia pedetista e progressista da cidade, dentre outros.<\/p>\n<p>Axel Grael em seu discurso, ressaltou os avan\u00e7os que a cidade foi submetida nestes \u00faltimos 8 anos e frisou que assume o mandato no pr\u00f3ximo ano com grande responsabilidade de manter o \u201csarrafo\u201d no alto, como o Rodrigo est\u00e1 entregando a ele. Que vai trabalhar pra manter essa frente democr\u00e1tica unida at\u00e9 o final e os dois juntos ressaltaram que est\u00e3o em sintonia e nada e nem ningu\u00e9m vai conseguir a desuni\u00e3o dos dois.<\/p>\n<p>A Plen\u00e1ria marcou o fim de um ciclo de oito anos e da minha opini\u00e3o, acredito que n\u00e3o ter\u00edamos outra lideran\u00e7a na cidade para impor a derrota a extrema direita na cidade, como o Rodrigo imp\u00f4s. Acredito tamb\u00e9m que o Axel Grael vai ser o Prefeito desse novo momento P\u00f3s Pandemia, adequando as necessidades da popula\u00e7\u00e3o a preserva\u00e7\u00e3o da natureza, as necessidades do Trabalhador a preserva\u00e7\u00e3o da Natureza\u2026 o que \u00e9 chamado de Green New Deal.<\/p>\n<!-- AddThis Advanced Settings generic via filter on the_content --><!-- AddThis Share Buttons generic via filter on the_content -->","protected":false},"excerpt":{"rendered":"<p>Em plen\u00e1ria realizada na \u00faltima segunda-feira (28) no PDT de Niter\u00f3i (RJ), o atual prefeito e presidente do partido, Rodrigo Neves, exaltou a vit\u00f3ria acachapante no primeiro turno sobre a extrema direita na cidade \u2013 62% a 9% \u2013 e ressaltou que Niter\u00f3i est\u00e1 indo para 35 anos de governos progressistas. Ele comparou Niter\u00f3i com&#8230;<!-- AddThis Advanced Settings generic via filter on wp_trim_excerpt --><!-- AddThis Share Buttons generic via filter on wp_trim_excerpt --><\/p>\n","protected":false},"author":17,"featured_media":75192,"comment_status":"closed","ping_status":"closed","sticky":false,"template":"","format":"standard","meta":{"_monsterinsights_skip_tracking":false,"_monsterinsights_sitenote_active":false,"_monsterinsights_sitenote_note":"","_monsterinsights_sitenote_category":0,"_uf_show_specific_survey":0,"_uf_disable_surveys":false,"footnotes":""},"categories":[1390,1402],"tags":[4025,4215,2463,3169,4216],"class_list":["post-75191","post","type-post","status-publish","format-standard","has-post-thumbnail","hentry","category-editorias","category-cidades","tag-axel-grael","tag-green-new-deal","tag-niteroi-rj","tag-rodrigo-neves","tag-social-democratas"],"acf":[],"_links":{"self":[{"href":"https:\/\/pdt-rj.org.br\/index.php\/wp-json\/wp\/v2\/posts\/75191","targetHints":{"allow":["GET"]}}],"collection":[{"href":"https:\/\/pdt-rj.org.br\/index.php\/wp-json\/wp\/v2\/posts"}],"about":[{"href":"https:\/\/pdt-rj.org.br\/index.php\/wp-json\/wp\/v2\/types\/post"}],"author":[{"embeddable":true,"href":"https:\/\/pdt-rj.org.br\/index.php\/wp-json\/wp\/v2\/users\/17"}],"replies":[{"embeddable":true,"href":"https:\/\/pdt-rj.org.br\/index.php\/wp-json\/wp\/v2\/comments?post=75191"}],"version-history":[{"count":3,"href":"https:\/\/pdt-rj.org.br\/index.php\/wp-json\/wp\/v2\/posts\/75191\/revisions"}],"predecessor-version":[{"id":75195,"href":"https:\/\/pdt-rj.org.br\/index.php\/wp-json\/wp\/v2\/posts\/75191\/revisions\/75195"}],"wp:featuredmedia":[{"embeddable":true,"href":"https:\/\/pdt-rj.org.br\/index.php\/wp-json\/wp\/v2\/media\/75192"}],"wp:attachment":[{"href":"https:\/\/pdt-rj.org.br\/index.php\/wp-json\/wp\/v2\/media?parent=75191"}],"wp:term":[{"taxonomy":"category","embeddable":true,"href":"https:\/\/pdt-rj.org.br\/index.php\/wp-json\/wp\/v2\/categories?post=75191"},{"taxonomy":"post_tag","embeddable":true,"href":"https:\/\/pdt-rj.org.br\/index.php\/wp-json\/wp\/v2\/tags?post=75191"}],"curies":[{"name":"wp","href":"https:\/\/api.w.org\/{rel}","templated":true}]}}