{"id":75131,"date":"2020-12-18T14:28:37","date_gmt":"2020-12-18T17:28:37","guid":{"rendered":"http:\/\/pdt-rj.org.br\/?p=75131"},"modified":"2020-12-18T14:33:58","modified_gmt":"2020-12-18T17:33:58","slug":"supremo-acata-acao-do-pdt-e-obriga-vacinacao-contra-covid-19","status":"publish","type":"post","link":"https:\/\/pdt-rj.org.br\/index.php\/supremo-acata-acao-do-pdt-e-obriga-vacinacao-contra-covid-19\/","title":{"rendered":"Supremo acata a\u00e7\u00e3o do PDT e obriga vacina\u00e7\u00e3o contra Covid-19"},"content":{"rendered":"<p><em><strong>&#8220;A vit\u00f3ria foi da democracia, da defesa da sa\u00fade do povo, e o PDT cumpriu o seu papel&#8221;, comemorou Lupi<\/strong><\/em><\/p>\n<p>O Supremo Tribunal Federa (STF) acatou, nessa quinta-feira (17), por dez votos a um, a A\u00e7\u00e3o Direta de Inconstitucionalidade (<strong>ADI\u00a06586)\u00a0<\/strong>que d\u00e1 compet\u00eancia a estados e munic\u00edpios para estabelecer medidas para a vacina\u00e7\u00e3o compuls\u00f3ria da popula\u00e7\u00e3o contra a Covid-19. O relator da a\u00e7\u00e3o foi o Ministro Ricardo Lewandoswski.<\/p>\n<p>Conforme o entendimento, a Uni\u00e3o, os estados, o Distrito Federal e os munic\u00edpios podem estabelecer medidas legais pela obrigatoriedade, mas n\u00e3o podem determinar a vacina\u00e7\u00e3o for\u00e7ada.<\/p>\n<p>Com a decis\u00e3o, nenhuma lei poder\u00e1 prever que o cidad\u00e3o seja levado \u00e0 for\u00e7a para tomar a vacina, mas a eventual norma poder\u00e1 prever a restri\u00e7\u00e3o de direitos pela falta de comprova\u00e7\u00e3o da vacina\u00e7\u00e3o, como deixar de receber um benef\u00edcio, ser proibido de entrar em algum lugar ou ser impedido de realizar matricula escolar na rede p\u00fablica de ensino.<\/p>\n<p>Para o presidente nacional do partido, Carlos Lupi, \u201ca vit\u00f3ria foi da democracia, da defesa da sa\u00fade do povo, e o PDT cumpriu o seu papel ao acionar o STF que barrou que o profeta da inseguran\u00e7a continuasse a desdenhar da pandemia e do povo brasileiro\u201d, pontuou.<\/p>\n<!-- AddThis Advanced Settings generic via filter on the_content --><!-- AddThis Share Buttons generic via filter on the_content -->","protected":false},"excerpt":{"rendered":"<p>&#8220;A vit\u00f3ria foi da democracia, da defesa da sa\u00fade do povo, e o PDT cumpriu o seu papel&#8221;, comemorou Lupi O Supremo Tribunal Federa (STF) acatou, nessa quinta-feira (17), por dez votos a um, a A\u00e7\u00e3o Direta de Inconstitucionalidade (ADI\u00a06586)\u00a0que d\u00e1 compet\u00eancia a estados e munic\u00edpios para estabelecer medidas para a vacina\u00e7\u00e3o compuls\u00f3ria da popula\u00e7\u00e3o&#8230;<!-- AddThis Advanced Settings generic via filter on wp_trim_excerpt --><!-- AddThis Share Buttons generic via filter on wp_trim_excerpt --><\/p>\n","protected":false},"author":17,"featured_media":75132,"comment_status":"closed","ping_status":"closed","sticky":false,"template":"","format":"standard","meta":{"_monsterinsights_skip_tracking":false,"_monsterinsights_sitenote_active":false,"_monsterinsights_sitenote_note":"","_monsterinsights_sitenote_category":0,"_uf_show_specific_survey":0,"_uf_disable_surveys":false,"footnotes":""},"categories":[975],"tags":[1041,4206,196,38,28,3407,4205],"class_list":["post-75131","post","type-post","status-publish","format-standard","has-post-thumbnail","hentry","category-manchete","tag-acao-direta-de-inconstitucionalidade","tag-adi-6586","tag-carlos-lupi","tag-pdt","tag-stf","tag-supremo-tribunal-federa","tag-vacinacao-contra-covid-19"],"acf":[],"_links":{"self":[{"href":"https:\/\/pdt-rj.org.br\/index.php\/wp-json\/wp\/v2\/posts\/75131","targetHints":{"allow":["GET"]}}],"collection":[{"href":"https:\/\/pdt-rj.org.br\/index.php\/wp-json\/wp\/v2\/posts"}],"about":[{"href":"https:\/\/pdt-rj.org.br\/index.php\/wp-json\/wp\/v2\/types\/post"}],"author":[{"embeddable":true,"href":"https:\/\/pdt-rj.org.br\/index.php\/wp-json\/wp\/v2\/users\/17"}],"replies":[{"embeddable":true,"href":"https:\/\/pdt-rj.org.br\/index.php\/wp-json\/wp\/v2\/comments?post=75131"}],"version-history":[{"count":3,"href":"https:\/\/pdt-rj.org.br\/index.php\/wp-json\/wp\/v2\/posts\/75131\/revisions"}],"predecessor-version":[{"id":75136,"href":"https:\/\/pdt-rj.org.br\/index.php\/wp-json\/wp\/v2\/posts\/75131\/revisions\/75136"}],"wp:featuredmedia":[{"embeddable":true,"href":"https:\/\/pdt-rj.org.br\/index.php\/wp-json\/wp\/v2\/media\/75132"}],"wp:attachment":[{"href":"https:\/\/pdt-rj.org.br\/index.php\/wp-json\/wp\/v2\/media?parent=75131"}],"wp:term":[{"taxonomy":"category","embeddable":true,"href":"https:\/\/pdt-rj.org.br\/index.php\/wp-json\/wp\/v2\/categories?post=75131"},{"taxonomy":"post_tag","embeddable":true,"href":"https:\/\/pdt-rj.org.br\/index.php\/wp-json\/wp\/v2\/tags?post=75131"}],"curies":[{"name":"wp","href":"https:\/\/api.w.org\/{rel}","templated":true}]}}