{"id":75106,"date":"2020-12-15T23:15:02","date_gmt":"2020-12-16T02:15:02","guid":{"rendered":"http:\/\/pdt-rj.org.br\/?p=75106"},"modified":"2020-12-18T14:53:51","modified_gmt":"2020-12-18T17:53:51","slug":"senado-aprova-regulamentacao-do-fundeb-com-verbas-apenas-para-escolas-publicas","status":"publish","type":"post","link":"https:\/\/pdt-rj.org.br\/index.php\/senado-aprova-regulamentacao-do-fundeb-com-verbas-apenas-para-escolas-publicas\/","title":{"rendered":"Senado aprova regulamenta\u00e7\u00e3o do Fundeb com verbas apenas para escolas p\u00fablicas"},"content":{"rendered":"<p>O Senado Federal aprovou, na sess\u00e3o desta ter\u00e7a-feira (15), o projeto de lei n\u00ba 4.372\/2020, que regulamenta o novo Fundo de Valoriza\u00e7\u00e3o e Desenvolvimento da Educa\u00e7\u00e3o B\u00e1sica (Fundeb). Os senadores retiraram do texto a possibilidade de os recursos do Fundo serem utilizados em escolas privadas, o que havia sido inclu\u00eddo pela C\u00e2mara dos Deputados, por meio de emendas parlamentares.<\/p>\n<p>Com a aprova\u00e7\u00e3o do texto original, com recursos do Fundeb destinados exclusivamente para o ensino p\u00fablico, a mat\u00e9ria segue novamente para aprecia\u00e7\u00e3o da C\u00e2mara. A regulamenta\u00e7\u00e3o precisa ser aprovada at\u00e9 o final deste ano para que os recursos possam estar dispon\u00edveis no pr\u00f3ximo ano.<\/p>\n<p>Antes do acordo que terminou com a aprova\u00e7\u00e3o do texto em vota\u00e7\u00e3o simb\u00f3lica, o senador Cid Gomes chegou a apresentar emenda tratando exatamente dessa modifica\u00e7\u00e3o feita pela C\u00e2mara. Ele argumentou que \u201cO novo Fundeb efetuou uma s\u00e9rie de avan\u00e7os sem precedentes para a educa\u00e7\u00e3o brasileira, dentre eles o aumento da participa\u00e7\u00e3o federal no financiamento da educa\u00e7\u00e3o b\u00e1sica\u201d e lamentou que \u201cemendas aprovadas de \u00faltima hora na C\u00e2mara dos Deputados possibilitavam a evas\u00e3o de mais de 80% do novo aporte da Uni\u00e3o ao Fundeb\u201d.<\/p>\n<p>Cid afirmou ainda que, caso a mat\u00e9ria tivesse sido aprovada da forma como veio da C\u00e2mara, al\u00e9m de implicar na destina\u00e7\u00e3o perversa dos recursos do Fundo que foi concebido para fortalecer a educa\u00e7\u00e3o b\u00e1sica p\u00fablica, ainda iria contra o disposto no art. 213 da Constitui\u00e7\u00e3o Federal, que determina \u201ca aplica\u00e7\u00e3o de recursos p\u00fablicos nas escolas p\u00fablicas e somente excepcionalmente permite a destina\u00e7\u00e3o a institui\u00e7\u00f5es privadas, quando n\u00e3o houver vaga e existir insufici\u00eancia de recursos do estudante, caso em que o Poder P\u00fablico \u00e9 obrigado a investir prioritariamente na expans\u00e3o de sua rede na localidade\u201d.<\/p>\n<p>Ap\u00f3s a aprova\u00e7\u00e3o da mat\u00e9ria, o presidente do Senado, Davi Alcolumbre (DEM-AP), ressaltou que n\u00e3o tem como assegurar que a C\u00e2mara n\u00e3o v\u00e1 alterar o texto do projeto votado pelos senadores. \u201cMas acho que esse \u00e9 um sinal claro que o Senado est\u00e1 dando de resgatar o entendimento feito durante a vota\u00e7\u00e3o do novo Fundeb. \u00c9 um gesto pol\u00edtico do Senado Federal, resgatando o texto principal e o encaminhando \u00e0 C\u00e2mara dos Deputados para sua delibera\u00e7\u00e3o\u201d, afirmou.<\/p>\n<!-- AddThis Advanced Settings generic via filter on the_content --><!-- AddThis Share Buttons generic via filter on the_content -->","protected":false},"excerpt":{"rendered":"<p>O Senado Federal aprovou, na sess\u00e3o desta ter\u00e7a-feira (15), o projeto de lei n\u00ba 4.372\/2020, que regulamenta o novo Fundo de Valoriza\u00e7\u00e3o e Desenvolvimento da Educa\u00e7\u00e3o B\u00e1sica (Fundeb). Os senadores retiraram do texto a possibilidade de os recursos do Fundo serem utilizados em escolas privadas, o que havia sido inclu\u00eddo pela C\u00e2mara dos Deputados, por&#8230;<!-- AddThis Advanced Settings generic via filter on wp_trim_excerpt --><!-- AddThis Share Buttons generic via filter on wp_trim_excerpt --><\/p>\n","protected":false},"author":17,"featured_media":75107,"comment_status":"closed","ping_status":"closed","sticky":false,"template":"","format":"standard","meta":{"_monsterinsights_skip_tracking":false,"_monsterinsights_sitenote_active":false,"_monsterinsights_sitenote_note":"","_monsterinsights_sitenote_category":0,"_uf_show_specific_survey":0,"_uf_disable_surveys":false,"footnotes":""},"categories":[1390],"tags":[211,2152,4200],"class_list":["post-75106","post","type-post","status-publish","format-standard","has-post-thumbnail","hentry","category-editorias","tag-cid-gomes","tag-fundeb","tag-fundo-de-valorizacao-e-desenvolvimento-da-educacao-basica"],"acf":[],"_links":{"self":[{"href":"https:\/\/pdt-rj.org.br\/index.php\/wp-json\/wp\/v2\/posts\/75106","targetHints":{"allow":["GET"]}}],"collection":[{"href":"https:\/\/pdt-rj.org.br\/index.php\/wp-json\/wp\/v2\/posts"}],"about":[{"href":"https:\/\/pdt-rj.org.br\/index.php\/wp-json\/wp\/v2\/types\/post"}],"author":[{"embeddable":true,"href":"https:\/\/pdt-rj.org.br\/index.php\/wp-json\/wp\/v2\/users\/17"}],"replies":[{"embeddable":true,"href":"https:\/\/pdt-rj.org.br\/index.php\/wp-json\/wp\/v2\/comments?post=75106"}],"version-history":[{"count":4,"href":"https:\/\/pdt-rj.org.br\/index.php\/wp-json\/wp\/v2\/posts\/75106\/revisions"}],"predecessor-version":[{"id":75123,"href":"https:\/\/pdt-rj.org.br\/index.php\/wp-json\/wp\/v2\/posts\/75106\/revisions\/75123"}],"wp:featuredmedia":[{"embeddable":true,"href":"https:\/\/pdt-rj.org.br\/index.php\/wp-json\/wp\/v2\/media\/75107"}],"wp:attachment":[{"href":"https:\/\/pdt-rj.org.br\/index.php\/wp-json\/wp\/v2\/media?parent=75106"}],"wp:term":[{"taxonomy":"category","embeddable":true,"href":"https:\/\/pdt-rj.org.br\/index.php\/wp-json\/wp\/v2\/categories?post=75106"},{"taxonomy":"post_tag","embeddable":true,"href":"https:\/\/pdt-rj.org.br\/index.php\/wp-json\/wp\/v2\/tags?post=75106"}],"curies":[{"name":"wp","href":"https:\/\/api.w.org\/{rel}","templated":true}]}}