{"id":75097,"date":"2020-12-29T00:00:49","date_gmt":"2020-12-29T03:00:49","guid":{"rendered":"http:\/\/pdt-rj.org.br\/?p=75097"},"modified":"2021-01-07T13:25:32","modified_gmt":"2021-01-07T16:25:32","slug":"brizola-um-heroi-da-patria","status":"publish","type":"post","link":"https:\/\/pdt-rj.org.br\/index.php\/brizola-um-heroi-da-patria\/","title":{"rendered":"Brizola, um Her\u00f3i da P\u00e1tria"},"content":{"rendered":"<h3><em>H\u00e1 5 anos, o l\u00edder trabalhista recebia a honraria do Estado brasileiro<\/em><\/h3>\n<p>Her\u00f3i nacional, assim Brizola \u00e9 reconhecido oficialmente pelo Estado brasileiro desde 2015 quando teve o nome inclu\u00eddo no livro Her\u00f3is da P\u00e1tria. A honraria \u00e9 dedicada aos brasileiros e as brasileiras que foram fundamentais para defesa e a constru\u00e7\u00e3o da hist\u00f3ria nacional. No caso do l\u00edder trabalhista, essa contribui\u00e7\u00e3o \u00e9 incontest\u00e1vel e extensa.<\/p>\n<p>A lei que inclui Brizola no livro foi aprovada pelo Senado e sancionada pela presidente Dilma Rousseff, em 2015. No dia 29 de dezembro daquele ano, a medida foi publicada no Di\u00e1rio Oficial. O nome do pedetista figura ao lado de outros como Tiradentes, Zumbi dos Palmares, Dom Pedro I e a revolucion\u00e1ria Anita Garibaldi.<\/p>\n<p>O Livro Her\u00f3is da P\u00e1tria foi criado no dia 7 de setembro de 1989. Feito de a\u00e7o, ele possui apenas 10 p\u00e1ginas, cont\u00e9m o nome de 52 her\u00f3is nacionais e \u00e9 mantido dentro do Pante\u00e3o da P\u00e1tria, na Pra\u00e7a dos Tr\u00eas Poderes, em Bras\u00edlia.<\/p>\n<p><strong>Her\u00f3i nacional<\/strong><\/p>\n<p>Leonel de Moura Brizola nasceu em Carazinho (RS), em 1922, e faleceu no Rio de Janeiro (RJ), em 2004. Sua trajet\u00f3ria pol\u00edtica inteiramente voltada para a defesa dos interesses nacionais e dos trabalhadores \u00e9 o que justifica a homenagem concedida h\u00e1 5 anos. A milit\u00e2ncia do ga\u00facho teve in\u00edcio no PTB, ainda na Era Vargas, e se concluiu no PDT, partindo fundado por ele durante na redemocratiza\u00e7\u00e3o do Brasil, em 1980.<\/p>\n<p>Leonel Brizola foi o \u00fanico pol\u00edtico eleito democraticamente para governar dois estados diferentes, em toda a hist\u00f3ria do pa\u00eds: Rio Grande do Sul e Rio de Janeiro. A busca por justi\u00e7a social e a defesa ferrenha dos Direitos Humanos fizeram da educa\u00e7\u00e3o o pilar central das administra\u00e7\u00f5es brizolistas, sendo o seu principal fruto os Centros Integrados de Educa\u00e7\u00e3o P\u00fablica (Cieps).<\/p>\n<p>Durante os anos de chumbo, o trabalhista ga\u00facho viveu o mais longo ex\u00edlio da hist\u00f3rica nacional: 15 anos. Brizola foi considerado o maior inimigo da ditadura militar brasileira \u2013 a qual combatia \u2013 e foi duramente perseguido pelos militares. Por isso, enquanto esteve exilado, migrou de um pa\u00eds a outro, passando por Uruguai, Estados Unidos e Portugal.<\/p>\n<p>Brizola era um pol\u00edtico altamente combativo e intransigente na defesa dos interesses nacionais. Um marco na democracia brasileira, a Campanha da Legalidade foi liderada por ele, em 1961, para impedir um golpe de Estado que se iniciava contra o presidente constitucional Jo\u00e3o Goulart. Encampado no Pal\u00e1cio do Piratini (RS), o l\u00edder trabalhista usou as r\u00e1dios para transmitir discursos contra os golpistas.<\/p>\n<p>As palavras que proferiu ao negar encontrar-se com militares, antes de um iminente ataque ao pal\u00e1cio, reuniram cerca de 50 mil pessoas na Pra\u00e7a da Matriz, em Porto Alegre (RS):<\/p>\n<p>\u201cN\u00e3o nos submeteremos a nenhum golpe. Que nos esmaguem. Que nos destruam. Que nos chacinem nesse pal\u00e1cio. Chacinado estar\u00e1 o Brasil com a imposi\u00e7\u00e3o de uma ditadura contra a vontade de seu povo. Esta r\u00e1dio ser\u00e1 silenciada. O certo \u00e9 que n\u00e3o ser\u00e1 silenciada sem balas. Resistiremos at\u00e9 o fim\u201d, disse Brizola em transmiss\u00e3o. A Campanha da Legalidade adiou o golpe militar at\u00e9 1964.<\/p>\n<!-- AddThis Advanced Settings generic via filter on the_content --><!-- AddThis Share Buttons generic via filter on the_content -->","protected":false},"excerpt":{"rendered":"<p>H\u00e1 5 anos, o l\u00edder trabalhista recebia a honraria do Estado brasileiro Her\u00f3i nacional, assim Brizola \u00e9 reconhecido oficialmente pelo Estado brasileiro desde 2015 quando teve o nome inclu\u00eddo no livro Her\u00f3is da P\u00e1tria. A honraria \u00e9 dedicada aos brasileiros e as brasileiras que foram fundamentais para defesa e a constru\u00e7\u00e3o da hist\u00f3ria nacional. No&#8230;<!-- AddThis Advanced Settings generic via filter on wp_trim_excerpt --><!-- AddThis Share Buttons generic via filter on wp_trim_excerpt --><\/p>\n","protected":false},"author":17,"featured_media":21351,"comment_status":"closed","ping_status":"closed","sticky":false,"template":"","format":"standard","meta":{"_monsterinsights_skip_tracking":false,"_monsterinsights_sitenote_active":false,"_monsterinsights_sitenote_note":"","_monsterinsights_sitenote_category":0,"_uf_show_specific_survey":0,"_uf_disable_surveys":false,"footnotes":""},"categories":[1390,975,976],"tags":[2386,1544,1545,54,461,514,565,4211,1439,4210,1602,833],"class_list":["post-75097","post","type-post","status-publish","format-standard","has-post-thumbnail","hentry","category-editorias","category-manchete","category-noticias-em-destaque","tag-campanha-da-legalidade","tag-centros-integrados-de-educacao-publica","tag-cieps","tag-direitos-humanos","tag-herois-da-patria","tag-joao-goulart","tag-leonel-brizola","tag-palacio-do-piratini-rs","tag-porto-alegre-rs","tag-praca-da-matriz","tag-rio-de-janeiro","tag-rio-grande-do-sul"],"acf":[],"_links":{"self":[{"href":"https:\/\/pdt-rj.org.br\/index.php\/wp-json\/wp\/v2\/posts\/75097","targetHints":{"allow":["GET"]}}],"collection":[{"href":"https:\/\/pdt-rj.org.br\/index.php\/wp-json\/wp\/v2\/posts"}],"about":[{"href":"https:\/\/pdt-rj.org.br\/index.php\/wp-json\/wp\/v2\/types\/post"}],"author":[{"embeddable":true,"href":"https:\/\/pdt-rj.org.br\/index.php\/wp-json\/wp\/v2\/users\/17"}],"replies":[{"embeddable":true,"href":"https:\/\/pdt-rj.org.br\/index.php\/wp-json\/wp\/v2\/comments?post=75097"}],"version-history":[{"count":8,"href":"https:\/\/pdt-rj.org.br\/index.php\/wp-json\/wp\/v2\/posts\/75097\/revisions"}],"predecessor-version":[{"id":75251,"href":"https:\/\/pdt-rj.org.br\/index.php\/wp-json\/wp\/v2\/posts\/75097\/revisions\/75251"}],"wp:featuredmedia":[{"embeddable":true,"href":"https:\/\/pdt-rj.org.br\/index.php\/wp-json\/wp\/v2\/media\/21351"}],"wp:attachment":[{"href":"https:\/\/pdt-rj.org.br\/index.php\/wp-json\/wp\/v2\/media?parent=75097"}],"wp:term":[{"taxonomy":"category","embeddable":true,"href":"https:\/\/pdt-rj.org.br\/index.php\/wp-json\/wp\/v2\/categories?post=75097"},{"taxonomy":"post_tag","embeddable":true,"href":"https:\/\/pdt-rj.org.br\/index.php\/wp-json\/wp\/v2\/tags?post=75097"}],"curies":[{"name":"wp","href":"https:\/\/api.w.org\/{rel}","templated":true}]}}