{"id":75094,"date":"2020-12-15T16:45:10","date_gmt":"2020-12-15T19:45:10","guid":{"rendered":"http:\/\/pdt-rj.org.br\/?p=75094"},"modified":"2020-12-28T22:06:33","modified_gmt":"2020-12-29T01:06:33","slug":"executiva-nacional-se-reune-e-avalia-de-forma-positiva-resultado-das-urnas","status":"publish","type":"post","link":"https:\/\/pdt-rj.org.br\/index.php\/executiva-nacional-se-reune-e-avalia-de-forma-positiva-resultado-das-urnas\/","title":{"rendered":"Executiva Nacional se re\u00fane e avalia de forma positiva resultado das urnas"},"content":{"rendered":"<p>A Executiva Nacional do PDT ampliada \u2013 bancadas na C\u00e2mara e Senado, presidentes regionais e presidentes dos movimentos \u2013 se reuniu via internet nesta ter\u00e7a (15) para avaliar o resultado das \u00faltimas elei\u00e7\u00f5es municipais e discutir as elei\u00e7\u00f5es nas mesas diretoras da C\u00e2mara dos Deputados e do Senado, na qual foi deliberado que o PDT vetar\u00e1 qualquer nome que tenha liga\u00e7\u00e3o com o presidente Jair Bolsonaro e deu sinais de que caminhar\u00e1 junto ao PSB e demais partidos progressistas nas escolhas. Entre as lideran\u00e7as pedetistas, participaram do encontro virtual o l\u00edderes do PDT na C\u00e2mara e no Senado, Wolney Queiroz (PE) e Weverton Gomes (MA), respectivamente.<\/p>\n<p>Lupi iniciou o encontro fazendo um balan\u00e7o do resultado das elei\u00e7\u00f5es municipais de 2020 e ressaltando que o PDT, entre os partidos progressistas, foi o que mais se destacou.<\/p>\n<p>\u201cSa\u00edmos das urnas mais fortes do que entramos. Elegemos 314 prefeitos e mais de 3 mil vereadores. A partir de janeiro mais de 10 milh\u00f5es de brasileiros ser\u00e3o administrados por prefeituras do PDT. No campo progressistas, nos destacamos de forma consistente e iniciamos, em muitos estados, um desenho vitorioso para que possamos fortalecer ainda mais o nome de Ciro na disputa de 2022\u201d, ressaltou Lupi.<\/p>\n<p>O encontro serviu tamb\u00e9m para que fosse discutida a posi\u00e7\u00e3o em rela\u00e7\u00e3o as elei\u00e7\u00f5es das mesas diretoras da C\u00e2mara e do Senado em 1\u00b0 de fevereiro pr\u00f3ximo. A principal delibera\u00e7\u00e3o \u00e9 de que o partido n\u00e3o apoiar\u00e1 nenhum nome nas duas casas que tenha qualquer tipo de liga\u00e7\u00e3o ao atual governo Bolsonaro.<\/p>\n<p>\u201cDecidimos que, nesta quarta (16\/12), formaremos um bloco que reunir\u00e1 as principais for\u00e7as progressistas, anti Bolsonaro e que, at\u00e9 sexta (18\/12) fecharemos um nome para a disputa das presid\u00eancias da C\u00e2mara e do Senado. Ponto pac\u00edfico \u00e9 que n\u00e3o ser\u00e1 um nome que tenha o apoio do Planalto\u201d, reiterou Lupi.<\/p>\n<!-- AddThis Advanced Settings generic via filter on the_content --><!-- AddThis Share Buttons generic via filter on the_content -->","protected":false},"excerpt":{"rendered":"<p>A Executiva Nacional do PDT ampliada \u2013 bancadas na C\u00e2mara e Senado, presidentes regionais e presidentes dos movimentos \u2013 se reuniu via internet nesta ter\u00e7a (15) para avaliar o resultado das \u00faltimas elei\u00e7\u00f5es municipais e discutir as elei\u00e7\u00f5es nas mesas diretoras da C\u00e2mara dos Deputados e do Senado, na qual foi deliberado que o PDT&#8230;<!-- AddThis Advanced Settings generic via filter on wp_trim_excerpt --><!-- AddThis Share Buttons generic via filter on wp_trim_excerpt --><\/p>\n","protected":false},"author":17,"featured_media":40055,"comment_status":"closed","ping_status":"closed","sticky":false,"template":"","format":"standard","meta":{"_monsterinsights_skip_tracking":false,"_monsterinsights_sitenote_active":false,"_monsterinsights_sitenote_note":"","_monsterinsights_sitenote_category":0,"_uf_show_specific_survey":0,"_uf_disable_surveys":false,"footnotes":""},"categories":[1390,975,976],"tags":[],"class_list":["post-75094","post","type-post","status-publish","format-standard","has-post-thumbnail","hentry","category-editorias","category-manchete","category-noticias-em-destaque"],"acf":[],"_links":{"self":[{"href":"https:\/\/pdt-rj.org.br\/index.php\/wp-json\/wp\/v2\/posts\/75094","targetHints":{"allow":["GET"]}}],"collection":[{"href":"https:\/\/pdt-rj.org.br\/index.php\/wp-json\/wp\/v2\/posts"}],"about":[{"href":"https:\/\/pdt-rj.org.br\/index.php\/wp-json\/wp\/v2\/types\/post"}],"author":[{"embeddable":true,"href":"https:\/\/pdt-rj.org.br\/index.php\/wp-json\/wp\/v2\/users\/17"}],"replies":[{"embeddable":true,"href":"https:\/\/pdt-rj.org.br\/index.php\/wp-json\/wp\/v2\/comments?post=75094"}],"version-history":[{"count":4,"href":"https:\/\/pdt-rj.org.br\/index.php\/wp-json\/wp\/v2\/posts\/75094\/revisions"}],"predecessor-version":[{"id":75172,"href":"https:\/\/pdt-rj.org.br\/index.php\/wp-json\/wp\/v2\/posts\/75094\/revisions\/75172"}],"wp:featuredmedia":[{"embeddable":true,"href":"https:\/\/pdt-rj.org.br\/index.php\/wp-json\/wp\/v2\/media\/40055"}],"wp:attachment":[{"href":"https:\/\/pdt-rj.org.br\/index.php\/wp-json\/wp\/v2\/media?parent=75094"}],"wp:term":[{"taxonomy":"category","embeddable":true,"href":"https:\/\/pdt-rj.org.br\/index.php\/wp-json\/wp\/v2\/categories?post=75094"},{"taxonomy":"post_tag","embeddable":true,"href":"https:\/\/pdt-rj.org.br\/index.php\/wp-json\/wp\/v2\/tags?post=75094"}],"curies":[{"name":"wp","href":"https:\/\/api.w.org\/{rel}","templated":true}]}}