{"id":75085,"date":"2020-12-14T23:18:19","date_gmt":"2020-12-15T02:18:19","guid":{"rendered":"http:\/\/pdt-rj.org.br\/?p=75085"},"modified":"2020-12-15T11:05:51","modified_gmt":"2020-12-15T14:05:51","slug":"chico-d-angelo-niteroi-e-a-importancia-de-uma-gestao-profissional-da-saude","status":"publish","type":"post","link":"https:\/\/pdt-rj.org.br\/index.php\/chico-d-angelo-niteroi-e-a-importancia-de-uma-gestao-profissional-da-saude\/","title":{"rendered":"Chico D&#8217; \u00c2ngelo: Niter\u00f3i e a import\u00e2ncia de uma gest\u00e3o profissional da sa\u00fade"},"content":{"rendered":"<p>Niter\u00f3i, nessa grave crise da pandemia de COVID-19, tem sido uma cidade com gest\u00e3o exemplar gra\u00e7as ao trabalho do prefeito Rodrigo Neves (PDT-RJ) e ao desempenho irretoc\u00e1vel do secret\u00e1rio municipal de sa\u00fade, o m\u00e9dico sanitarista Rodrigo Oliveira.<\/p>\n<p>A pandemia tem mostrado a import\u00e2ncia do SUS e cada vez mais a necessidade de servi\u00e7os p\u00fablicos de sa\u00fade eficientes e de qualidade. A necessidade de compet\u00eancia administrativa no setor p\u00fablico de sa\u00fade entrou na agenda das Secretarias Municipais de Sa\u00fade como uma prioridade para um bom desempenho no atendimento da popula\u00e7\u00e3o.<\/p>\n<p>Avizinha-se um cen\u00e1rio pessimista na esfera federal do SUS, em 2021. A Lei Or\u00e7ament\u00e1ria de 2021 prev\u00ea R$128 bilh\u00f5es para a sa\u00fade, isso representa uma queda de cerca de R$ 40 bilh\u00f5es num sistema j\u00e1 h\u00e1 muito subfinanciado.<\/p>\n<p>\u00c9 cada vez maior o n\u00famero de brasileiros que deixam de pagar um plano de sa\u00fade particular e passam a depender exclusivamente do SUS. Mais do que nunca a sa\u00fade continuar\u00e1 como pauta priorit\u00e1ria nos pr\u00f3ximos anos.<\/p>\n<p>Niter\u00f3i reconheceu esse bom trabalho neste ano na cidade e elegeu o nosso candidato do PDT, Axel Grael, j\u00e1 no primeiro turno.<\/p>\n<p>Certamente, o trabalho feito no enfrentamento \u00e0 Covid foi considerado pela popula\u00e7\u00e3o. Diante da mais grave crise sanit\u00e1ria dos \u00faltimos 100 anos, fico orgulhoso como m\u00e9dico e ex-secret\u00e1rio de Sa\u00fade da cidade, do trabalho que est\u00e1 sendo realizado em Niter\u00f3i nesse dif\u00edcil ano de 2020.<\/p>\n<p>Al\u00e9m da lideran\u00e7a do Prefeito Rodrigo Neves e do futuro prefeito Axel Grael, \u00e9 preciso ainda reiterar a import\u00e2ncia do papel desempenhado pelo secret\u00e1rio de Sa\u00fade Rodrigo Oliveira, que assumiu numa desafiadora coincid\u00eancia o cargo no in\u00edcio da pandemia.<\/p>\n<p>Por sua seriedade e compet\u00eancia no combate \u00e0 Covid-19, pela gest\u00e3o conectada \u00e0s novas tecnologias, e pela aten\u00e7\u00e3o aos \u00faltimos avan\u00e7os e desafios da ci\u00eancia, Rodrigo Oliveira se tornou uma figura respeitada por todos que trabalham e pensam a sa\u00fade na cidade e em nosso estado.<\/p>\n<p>Que Niter\u00f3i continue no rumo certo!<\/p>\n<p><strong><em>*Chico D&#8217; \u00c2ngelo, deputado federal pelo PDT do Rio de Janeiro<\/em><\/strong><\/p>\n<p>&nbsp;<\/p>\n<!-- AddThis Advanced Settings generic via filter on the_content --><!-- AddThis Share Buttons generic via filter on the_content -->","protected":false},"excerpt":{"rendered":"<p>Niter\u00f3i, nessa grave crise da pandemia de COVID-19, tem sido uma cidade com gest\u00e3o exemplar gra\u00e7as ao trabalho do prefeito Rodrigo Neves (PDT-RJ) e ao desempenho irretoc\u00e1vel do secret\u00e1rio municipal de sa\u00fade, o m\u00e9dico sanitarista Rodrigo Oliveira. A pandemia tem mostrado a import\u00e2ncia do SUS e cada vez mais a necessidade de servi\u00e7os p\u00fablicos de&#8230;<!-- AddThis Advanced Settings generic via filter on wp_trim_excerpt --><!-- AddThis Share Buttons generic via filter on wp_trim_excerpt --><\/p>\n","protected":false},"author":17,"featured_media":72183,"comment_status":"closed","ping_status":"closed","sticky":false,"template":"","format":"standard","meta":{"_monsterinsights_skip_tracking":false,"_monsterinsights_sitenote_active":false,"_monsterinsights_sitenote_note":"","_monsterinsights_sitenote_category":0,"_uf_show_specific_survey":0,"_uf_disable_surveys":false,"footnotes":""},"categories":[1584,1390],"tags":[],"class_list":["post-75085","post","type-post","status-publish","format-standard","has-post-thumbnail","hentry","category-artigos","category-editorias"],"acf":[],"_links":{"self":[{"href":"https:\/\/pdt-rj.org.br\/index.php\/wp-json\/wp\/v2\/posts\/75085","targetHints":{"allow":["GET"]}}],"collection":[{"href":"https:\/\/pdt-rj.org.br\/index.php\/wp-json\/wp\/v2\/posts"}],"about":[{"href":"https:\/\/pdt-rj.org.br\/index.php\/wp-json\/wp\/v2\/types\/post"}],"author":[{"embeddable":true,"href":"https:\/\/pdt-rj.org.br\/index.php\/wp-json\/wp\/v2\/users\/17"}],"replies":[{"embeddable":true,"href":"https:\/\/pdt-rj.org.br\/index.php\/wp-json\/wp\/v2\/comments?post=75085"}],"version-history":[{"count":5,"href":"https:\/\/pdt-rj.org.br\/index.php\/wp-json\/wp\/v2\/posts\/75085\/revisions"}],"predecessor-version":[{"id":75091,"href":"https:\/\/pdt-rj.org.br\/index.php\/wp-json\/wp\/v2\/posts\/75085\/revisions\/75091"}],"wp:featuredmedia":[{"embeddable":true,"href":"https:\/\/pdt-rj.org.br\/index.php\/wp-json\/wp\/v2\/media\/72183"}],"wp:attachment":[{"href":"https:\/\/pdt-rj.org.br\/index.php\/wp-json\/wp\/v2\/media?parent=75085"}],"wp:term":[{"taxonomy":"category","embeddable":true,"href":"https:\/\/pdt-rj.org.br\/index.php\/wp-json\/wp\/v2\/categories?post=75085"},{"taxonomy":"post_tag","embeddable":true,"href":"https:\/\/pdt-rj.org.br\/index.php\/wp-json\/wp\/v2\/tags?post=75085"}],"curies":[{"name":"wp","href":"https:\/\/api.w.org\/{rel}","templated":true}]}}