{"id":75076,"date":"2020-12-14T17:38:18","date_gmt":"2020-12-14T20:38:18","guid":{"rendered":"http:\/\/pdt-rj.org.br\/?p=75076"},"modified":"2020-12-23T09:01:42","modified_gmt":"2020-12-23T12:01:42","slug":"pedetistas-criticam-destinacao-de-recursos-do-fundeb-para-entidades-filantropicas","status":"publish","type":"post","link":"https:\/\/pdt-rj.org.br\/index.php\/pedetistas-criticam-destinacao-de-recursos-do-fundeb-para-entidades-filantropicas\/","title":{"rendered":"Pedetistas criticam destina\u00e7\u00e3o de recursos do Fundeb para entidades filantr\u00f3picas"},"content":{"rendered":"<p>Parlamentares pedetistas junto com deputados de outros partidos de oposi\u00e7\u00e3o criticaram a destina\u00e7\u00e3o de recursos do Fundo de Manuten\u00e7\u00e3o e Desenvolvimento da Educa\u00e7\u00e3o B\u00e1sica (Fundeb) para o Sistema S e para entidades filantr\u00f3picas. A medida foi inclu\u00edda por meio de destaques ao projeto que regulamenta o Fundeb (<a href=\"https:\/\/www.camara.leg.br\/proposicoesWeb\/prop_mostrarintegra?codteor=1926034&amp;filename=PL+4372\/2020\">PL 4372\/20<\/a>).<\/p>\n<p>Esse ponto gerou troca de acusa\u00e7\u00f5es em Plen\u00e1rio e amea\u00e7as de judicializa\u00e7\u00e3o contra o texto. Os oposicionistas afirmam que o relator da proposta, deputado Felipe Rigone, violou o acordo que possibilitou a vota\u00e7\u00e3o do texto-base do projeto; e que as mudan\u00e7as desidrataram a emenda constitucional que ampliou, de 10% para 23%, a participa\u00e7\u00e3o da Uni\u00e3o no financiamento da educa\u00e7\u00e3o b\u00e1sica.<\/p>\n<p>Para o deputado federal Idilvan Alencar (PDT-CE), um dos coautores do projeto, as mudan\u00e7as s\u00e3o uma derrota simb\u00f3lica para o modelo de educa\u00e7\u00e3o p\u00fablica previsto na Constitui\u00e7\u00e3o.<\/p>\n<p>\u201cHoje \u00e9 um dia triste para a escola p\u00fablica brasileira. Perdemos recursos e perdemos tamb\u00e9m uma quest\u00e3o conceitual. Essa abertura que foi feita [para as filantr\u00f3picas] indica que a escola p\u00fablica brasileira n\u00e3o pode ofertar servi\u00e7os de qualidade? Agora s\u00e3o 10%, amanh\u00e3 n\u00e3o se sabe&#8221;, afirmou Idilvan.<\/p>\n<p>O deputado pedetista pelo Rio Grande do Sul,\u00a0Pompeo de Mattos, afirmou que os conv\u00eanios com o terceiro setor para melhorar a educa\u00e7\u00e3o deveriam ser feitos pelos gestores com recursos de outras origens, sem retirar dinheiro do Fundeb.<\/p>\n<p>\u201cEst\u00e3o desmontando o Fundeb, ali\u00e1s, esquartejando o Fundeb, e cada um est\u00e1 levando um peda\u00e7o para casa \u2013 filantr\u00f3pica, Sistema S \u2013 todos os setores empresariais. O dinheiro do Fundeb \u00e9 dinheiro p\u00fablico, dinheiro federal\u201d, ressaltou o pedetista.<\/p>\n<!-- AddThis Advanced Settings generic via filter on the_content --><!-- AddThis Share Buttons generic via filter on the_content -->","protected":false},"excerpt":{"rendered":"<p>Parlamentares pedetistas junto com deputados de outros partidos de oposi\u00e7\u00e3o criticaram a destina\u00e7\u00e3o de recursos do Fundo de Manuten\u00e7\u00e3o e Desenvolvimento da Educa\u00e7\u00e3o B\u00e1sica (Fundeb) para o Sistema S e para entidades filantr\u00f3picas. A medida foi inclu\u00edda por meio de destaques ao projeto que regulamenta o Fundeb (PL 4372\/20). Esse ponto gerou troca de acusa\u00e7\u00f5es&#8230;<!-- AddThis Advanced Settings generic via filter on wp_trim_excerpt --><!-- AddThis Share Buttons generic via filter on wp_trim_excerpt --><\/p>\n","protected":false},"author":17,"featured_media":75084,"comment_status":"closed","ping_status":"closed","sticky":false,"template":"","format":"standard","meta":{"_monsterinsights_skip_tracking":false,"_monsterinsights_sitenote_active":false,"_monsterinsights_sitenote_note":"","_monsterinsights_sitenote_category":0,"_uf_show_specific_survey":0,"_uf_disable_surveys":false,"footnotes":""},"categories":[1459,976],"tags":[2152,2151,3373,746,4208],"class_list":["post-75076","post","type-post","status-publish","format-standard","has-post-thumbnail","hentry","category-congresso","category-noticias-em-destaque","tag-fundeb","tag-fundo-de-manutencao-e-desenvolvimento-da-educacao-basica","tag-idilvan-alencar","tag-pompeo-de-mattos","tag-sistema-s"],"acf":[],"_links":{"self":[{"href":"https:\/\/pdt-rj.org.br\/index.php\/wp-json\/wp\/v2\/posts\/75076","targetHints":{"allow":["GET"]}}],"collection":[{"href":"https:\/\/pdt-rj.org.br\/index.php\/wp-json\/wp\/v2\/posts"}],"about":[{"href":"https:\/\/pdt-rj.org.br\/index.php\/wp-json\/wp\/v2\/types\/post"}],"author":[{"embeddable":true,"href":"https:\/\/pdt-rj.org.br\/index.php\/wp-json\/wp\/v2\/users\/17"}],"replies":[{"embeddable":true,"href":"https:\/\/pdt-rj.org.br\/index.php\/wp-json\/wp\/v2\/comments?post=75076"}],"version-history":[{"count":6,"href":"https:\/\/pdt-rj.org.br\/index.php\/wp-json\/wp\/v2\/posts\/75076\/revisions"}],"predecessor-version":[{"id":75156,"href":"https:\/\/pdt-rj.org.br\/index.php\/wp-json\/wp\/v2\/posts\/75076\/revisions\/75156"}],"wp:featuredmedia":[{"embeddable":true,"href":"https:\/\/pdt-rj.org.br\/index.php\/wp-json\/wp\/v2\/media\/75084"}],"wp:attachment":[{"href":"https:\/\/pdt-rj.org.br\/index.php\/wp-json\/wp\/v2\/media?parent=75076"}],"wp:term":[{"taxonomy":"category","embeddable":true,"href":"https:\/\/pdt-rj.org.br\/index.php\/wp-json\/wp\/v2\/categories?post=75076"},{"taxonomy":"post_tag","embeddable":true,"href":"https:\/\/pdt-rj.org.br\/index.php\/wp-json\/wp\/v2\/tags?post=75076"}],"curies":[{"name":"wp","href":"https:\/\/api.w.org\/{rel}","templated":true}]}}