{"id":75055,"date":"2020-12-11T14:02:50","date_gmt":"2020-12-11T17:02:50","guid":{"rendered":"http:\/\/pdt-rj.org.br\/?p=75055"},"modified":"2020-12-11T14:21:44","modified_gmt":"2020-12-11T17:21:44","slug":"niteroi-compra-11-milhao-de-doses-da-vacina-coronavac-e-garante-imunizacao","status":"publish","type":"post","link":"https:\/\/pdt-rj.org.br\/index.php\/niteroi-compra-11-milhao-de-doses-da-vacina-coronavac-e-garante-imunizacao\/","title":{"rendered":"Niter\u00f3i compra 1,1 milh\u00e3o de doses da vacina Coronavac e garante imuniza\u00e7\u00e3o"},"content":{"rendered":"<p><em><b>Prefeito Rodrigo Neves assinou acordo com Instituto Butantan para oferecer imunizador gratuitamente \u00e0 popula\u00e7\u00e3o<\/b><\/em><\/p>\n<p>&nbsp;<\/p>\n<p><strong><i>\u00a0<\/i><\/strong>A prefeitura de Niter\u00f3i confirmou a compra de 1,1 milh\u00e3o de doses da vacina Coronavac, que ser\u00e1 suficiente para imunizar toda a popula\u00e7\u00e3o da cidade fluminense de mais de 500 mil habitantes. O prefeito de Niter\u00f3i, Rodrigo Neves, assinou o memorando nesta quinta (10), na sede do Instituto Butantan, em S\u00e3o Paulo.<\/p>\n<p>Pelo cronograma proposto \u00e0 institui\u00e7\u00e3o paulista e referendado pelo diretor institucional do Instituto, Raul Machado, a cidade receber\u00e1 300 mil doses no fim de janeiro para profissionais de sa\u00fade e idosos e outras 300 mil doses para o fim de fevereiro, distribu\u00eddas aos cidad\u00e3os com comorbidades e profissionais de educa\u00e7\u00e3o. Para o restante da popula\u00e7\u00e3o, mais 500 mil durante o primeiro semestre, com previs\u00e3o at\u00e9 maio.<\/p>\n<p>O investimento municipal previsto \u00e9 de R$ 57 milh\u00f5es, ao custo de 10 d\u00f3lares por dose. Com recursos pr\u00f3prios, Niter\u00f3i tamb\u00e9m \u00e9 a \u00fanica cidade do estado do Rio, entre as 12 do pa\u00eds, a testar a fase 3 da vacina Coronavac, em parceria com Butantan e a Fiocruz.<\/p>\n<p>&#8220;Desde o in\u00edcio da pandemia, Niter\u00f3i atuou com base na ci\u00eancia e nas melhores experi\u00eancias internacionais nessa batalha pela vida contra o coronav\u00edrus. Colocamos em pr\u00e1tica um programa integrado de a\u00e7\u00f5es sanit\u00e1rias, retaguarda hospitalar, apoio com renda b\u00e1sica \u00e0s fam\u00edlias mais pobres e cr\u00e9dito e apoio direto \u00e0s pequenas empresas. Gra\u00e7as \u00e0 consci\u00eancia c\u00edvica dos niteroienses, com respeito \u00e0s medidas de preven\u00e7\u00e3o \u00e0 Covid-19, salvamos milhares de vidas\u201d, disse Rodrigo Neves.<\/p>\n<p>\u201cTemos orgulho de estarmos participando do esfor\u00e7o mundial pela vacina e estarmos com planejamento para iniciar a vacina\u00e7\u00e3o de nossa popula\u00e7\u00e3o com seguran\u00e7a e o mais r\u00e1pido poss\u00edvel&#8221;, acrescentou.<\/p>\n<p>Ao lado do secret\u00e1rio de Sa\u00fade, Rodrigo Oliveira, o prefeito participou de uma reuni\u00e3o de avalia\u00e7\u00e3o dos testes da fase 3 para valida\u00e7\u00e3o, em conjunto com os profissionais de sa\u00fade volunt\u00e1rios de Niter\u00f3i. Os resultados foram considerados excelentes, com plena imuniza\u00e7\u00e3o e nenhum efeito colateral.<\/p>\n<p class=\"yiv9096569269MsoNormal\">Para o prefeito eleito, Axel Grael, a gest\u00e3o municipal, desde o in\u00edcio da pandemia, \u201cest\u00e1 \u00a0enfrentando com seriedade o desafio do novo coronav\u00edrus, amparando suas decis\u00f5es por um conselho cient\u00edfico\u201d.<\/p>\n<p class=\"yiv9096569269MsoNormal\">\u201cNossa cidade j\u00e1 vinha participando da fase experimental de testagem das vacinas e o resultado tem sido positivo\u201d, avaliou Grael, que venceu a disputa no primeiro turno.<\/p>\n<!-- AddThis Advanced Settings generic via filter on the_content --><!-- AddThis Share Buttons generic via filter on the_content -->","protected":false},"excerpt":{"rendered":"<p>Prefeito Rodrigo Neves assinou acordo com Instituto Butantan para oferecer imunizador gratuitamente \u00e0 popula\u00e7\u00e3o &nbsp; \u00a0A prefeitura de Niter\u00f3i confirmou a compra de 1,1 milh\u00e3o de doses da vacina Coronavac, que ser\u00e1 suficiente para imunizar toda a popula\u00e7\u00e3o da cidade fluminense de mais de 500 mil habitantes. O prefeito de Niter\u00f3i, Rodrigo Neves, assinou o&#8230;<!-- AddThis Advanced Settings generic via filter on wp_trim_excerpt --><!-- AddThis Share Buttons generic via filter on wp_trim_excerpt --><\/p>\n","protected":false},"author":17,"featured_media":75056,"comment_status":"closed","ping_status":"closed","sticky":false,"template":"","format":"standard","meta":{"_monsterinsights_skip_tracking":false,"_monsterinsights_sitenote_active":false,"_monsterinsights_sitenote_note":"","_monsterinsights_sitenote_category":0,"_uf_show_specific_survey":0,"_uf_disable_surveys":false,"footnotes":""},"categories":[976],"tags":[4025,3935,3348,3715,3934,2463,3169,4196],"class_list":["post-75055","post","type-post","status-publish","format-standard","has-post-thumbnail","hentry","category-noticias-em-destaque","tag-axel-grael","tag-coronavac","tag-covid-19","tag-fiocruz","tag-instituto-butantan","tag-niteroi-rj","tag-rodrigo-neves","tag-vacina"],"acf":[],"_links":{"self":[{"href":"https:\/\/pdt-rj.org.br\/index.php\/wp-json\/wp\/v2\/posts\/75055","targetHints":{"allow":["GET"]}}],"collection":[{"href":"https:\/\/pdt-rj.org.br\/index.php\/wp-json\/wp\/v2\/posts"}],"about":[{"href":"https:\/\/pdt-rj.org.br\/index.php\/wp-json\/wp\/v2\/types\/post"}],"author":[{"embeddable":true,"href":"https:\/\/pdt-rj.org.br\/index.php\/wp-json\/wp\/v2\/users\/17"}],"replies":[{"embeddable":true,"href":"https:\/\/pdt-rj.org.br\/index.php\/wp-json\/wp\/v2\/comments?post=75055"}],"version-history":[{"count":6,"href":"https:\/\/pdt-rj.org.br\/index.php\/wp-json\/wp\/v2\/posts\/75055\/revisions"}],"predecessor-version":[{"id":75062,"href":"https:\/\/pdt-rj.org.br\/index.php\/wp-json\/wp\/v2\/posts\/75055\/revisions\/75062"}],"wp:featuredmedia":[{"embeddable":true,"href":"https:\/\/pdt-rj.org.br\/index.php\/wp-json\/wp\/v2\/media\/75056"}],"wp:attachment":[{"href":"https:\/\/pdt-rj.org.br\/index.php\/wp-json\/wp\/v2\/media?parent=75055"}],"wp:term":[{"taxonomy":"category","embeddable":true,"href":"https:\/\/pdt-rj.org.br\/index.php\/wp-json\/wp\/v2\/categories?post=75055"},{"taxonomy":"post_tag","embeddable":true,"href":"https:\/\/pdt-rj.org.br\/index.php\/wp-json\/wp\/v2\/tags?post=75055"}],"curies":[{"name":"wp","href":"https:\/\/api.w.org\/{rel}","templated":true}]}}