{"id":75045,"date":"2020-12-10T21:51:09","date_gmt":"2020-12-11T00:51:09","guid":{"rendered":"http:\/\/pdt-rj.org.br\/?p=75045"},"modified":"2020-12-10T21:51:49","modified_gmt":"2020-12-11T00:51:49","slug":"funcionarios-da-eletrobras-denunciam-depreciacao-da-estatal-para-garantir-privatizacao","status":"publish","type":"post","link":"https:\/\/pdt-rj.org.br\/index.php\/funcionarios-da-eletrobras-denunciam-depreciacao-da-estatal-para-garantir-privatizacao\/","title":{"rendered":"Funcion\u00e1rios da Eletrobras denunciam deprecia\u00e7\u00e3o da estatal para garantir privatiza\u00e7\u00e3o"},"content":{"rendered":"<p><strong><em>Com cr\u00edticas do PDT, processo de venda das a\u00e7\u00f5es da Uni\u00e3o ganhou repercuss\u00e3o com apag\u00e3o no Amap\u00e1<\/em><\/strong><\/p>\n<p>O engenheiro Diogo Mac Cord, atual secret\u00e1rio de Desestatiza\u00e7\u00e3o do Minist\u00e9rio da Economia, foi alvo de cr\u00edticas da Associa\u00e7\u00e3o dos Empregados da Eletrobras (AEEL), em informativo institucional divulgado no in\u00edcio deste m\u00eas. No centro da discuss\u00e3o, a deprecia\u00e7\u00e3o gerada pelo processo articulado de privatiza\u00e7\u00e3o no Governo Federal.<\/p>\n<p>Segundo os servidores, Mac Cord ataca a reputa\u00e7\u00e3o da estatal com \u201cafirma\u00e7\u00f5es, rasas e sem consist\u00eancia\u201d. Entre elas, a de que a Eletrobras &#8220;foi impedida de participar de leil\u00f5es, respons\u00e1vel por blecaute, condenada por pr\u00e1ticas predat\u00f3rias e envolvida em esc\u00e2ndalo de corrup\u00e7\u00e3o\u201d.<\/p>\n<p>\u201cA mentira, que d\u00e1 a t\u00f4nica do governo Bolsonaro e da atual gest\u00e3o da Eletrobras, passou de irresponsabilidade e alcan\u00e7ou o n\u00edvel do crime de responsabilidade, pois as mentiras ditas por uma autoridade p\u00fablica em preju\u00edzo da Eletrobras e seus stakeholders, causam consequ\u00eancias em toda a economia popular\u201d, afirmam, no documento.<\/p>\n<p><strong>Impacto<\/strong><\/p>\n<p>Sociedade de economia mista e de capital aberto sob controle acion\u00e1rio da Uni\u00e3o, a venda da fatia p\u00fablica virou prioridade do Planalto, em novembro de 2019, com o encaminhamento do projeto de lei 5877, de 2019, para o Congresso Nacional. Se concretizado, o Estado ficaria apenas com 10% das a\u00e7\u00f5es.<\/p>\n<p>Por considerar um elo fundamental para o estrat\u00e9gico setor de energia, o <a href=\"http:\/\/pdt-rj.org.br\/index.php\/projeto-do-pdt-susta-decreto-que-incluiu-eletrobras-em-programa-de-privatizacao\/\">PDT entrou com medidas no Supremo Tribunal Federal (STF)<\/a>, a partir de a\u00e7\u00f5es diretas de inconstitucionalidade (ADINs), para impedir a entrega de mais um patrim\u00f4nio nacional. Deputados e senadores do partido tamb\u00e9m mant\u00eam constantes articula\u00e7\u00f5es, em Bras\u00edlia, para esvaziar a estrat\u00e9gia do Programa Nacional de Desestatiza\u00e7\u00e3o (PND).<\/p>\n<p>A prote\u00e7\u00e3o da empresa, respons\u00e1vel por 30% da gera\u00e7\u00e3o de energia e por 50% da transmiss\u00e3o no pa\u00eds, ficou ainda mais evidente com o novo formato do setor el\u00e9trico, que incluiu mudan\u00e7as em leil\u00f5es de contrata\u00e7\u00e3o de usinas, regras para c\u00e1lculo de pre\u00e7os e abertura do mercado de grandes consumidores.<\/p>\n<p>\u201cPelas medidas adotadas pelo presidente da Eletrobras, a empresa vem sendo rebaixada, seu patrim\u00f4nio dilapidado, impedida de fazer investimentos e de participar de leil\u00f5es da Aneel para criar argumentos para sua privatiza\u00e7\u00e3o\u201d, destaca a Associa\u00e7\u00e3o.<\/p>\n<p>\u201cA Eletrobras nunca cometeu pr\u00e1ticas predat\u00f3rias, pelo contr\u00e1rio, sempre esteve na vanguarda dos empreendimentos estruturantes do setor el\u00e9trico, seja sozinha ou em parcerias com a iniciativa privada, atrav\u00e9s das Sociedades de Prop\u00f3sito Espec\u00edfico, as SPE&#8217;s. Apesar das dificuldades e da gest\u00e3o atual voltada para sua destrui\u00e7\u00e3o, o DNA da Eletrobras est\u00e1 na maioria dos grandes investimentos do setor nas \u00faltimas d\u00e9cadas\u201d, acrescenta.<\/p>\n<p>O documento completo, da AEEL, pode ser acessado <a href=\"http:\/\/pdt-rj.org.br\/wp-content\/uploads\/2020\/12\/Informe-156-20-MacCord.pdf\">aqui<\/a>.<\/p>\n<!-- AddThis Advanced Settings generic via filter on the_content --><!-- AddThis Share Buttons generic via filter on the_content -->","protected":false},"excerpt":{"rendered":"<p>Com cr\u00edticas do PDT, processo de venda das a\u00e7\u00f5es da Uni\u00e3o ganhou repercuss\u00e3o com apag\u00e3o no Amap\u00e1 O engenheiro Diogo Mac Cord, atual secret\u00e1rio de Desestatiza\u00e7\u00e3o do Minist\u00e9rio da Economia, foi alvo de cr\u00edticas da Associa\u00e7\u00e3o dos Empregados da Eletrobras (AEEL), em informativo institucional divulgado no in\u00edcio deste m\u00eas. No centro da discuss\u00e3o, a deprecia\u00e7\u00e3o&#8230;<!-- AddThis Advanced Settings generic via filter on wp_trim_excerpt --><!-- AddThis Share Buttons generic via filter on wp_trim_excerpt --><\/p>\n","protected":false},"author":17,"featured_media":75049,"comment_status":"closed","ping_status":"closed","sticky":false,"template":"","format":"standard","meta":{"_monsterinsights_skip_tracking":false,"_monsterinsights_sitenote_active":false,"_monsterinsights_sitenote_note":"","_monsterinsights_sitenote_category":0,"_uf_show_specific_survey":0,"_uf_disable_surveys":false,"footnotes":""},"categories":[1401,976],"tags":[4194,4193,1747,38,4110,4195,28],"class_list":["post-75045","post","type-post","status-publish","format-standard","has-post-thumbnail","hentry","category-nacional","category-noticias-em-destaque","tag-aeel","tag-associacao-dos-empregados-da-eletrobras","tag-eletrobras","tag-pdt","tag-programa-nacional-de-desestatizacao","tag-stakeholders","tag-stf"],"acf":[],"_links":{"self":[{"href":"https:\/\/pdt-rj.org.br\/index.php\/wp-json\/wp\/v2\/posts\/75045","targetHints":{"allow":["GET"]}}],"collection":[{"href":"https:\/\/pdt-rj.org.br\/index.php\/wp-json\/wp\/v2\/posts"}],"about":[{"href":"https:\/\/pdt-rj.org.br\/index.php\/wp-json\/wp\/v2\/types\/post"}],"author":[{"embeddable":true,"href":"https:\/\/pdt-rj.org.br\/index.php\/wp-json\/wp\/v2\/users\/17"}],"replies":[{"embeddable":true,"href":"https:\/\/pdt-rj.org.br\/index.php\/wp-json\/wp\/v2\/comments?post=75045"}],"version-history":[{"count":2,"href":"https:\/\/pdt-rj.org.br\/index.php\/wp-json\/wp\/v2\/posts\/75045\/revisions"}],"predecessor-version":[{"id":75050,"href":"https:\/\/pdt-rj.org.br\/index.php\/wp-json\/wp\/v2\/posts\/75045\/revisions\/75050"}],"wp:featuredmedia":[{"embeddable":true,"href":"https:\/\/pdt-rj.org.br\/index.php\/wp-json\/wp\/v2\/media\/75049"}],"wp:attachment":[{"href":"https:\/\/pdt-rj.org.br\/index.php\/wp-json\/wp\/v2\/media?parent=75045"}],"wp:term":[{"taxonomy":"category","embeddable":true,"href":"https:\/\/pdt-rj.org.br\/index.php\/wp-json\/wp\/v2\/categories?post=75045"},{"taxonomy":"post_tag","embeddable":true,"href":"https:\/\/pdt-rj.org.br\/index.php\/wp-json\/wp\/v2\/tags?post=75045"}],"curies":[{"name":"wp","href":"https:\/\/api.w.org\/{rel}","templated":true}]}}