{"id":74990,"date":"2020-12-07T14:38:14","date_gmt":"2020-12-07T17:38:14","guid":{"rendered":"http:\/\/pdt-rj.org.br\/?p=74990"},"modified":"2020-12-11T01:14:07","modified_gmt":"2020-12-11T04:14:07","slug":"axel-grael-almeja-niteroi-ainda-mais-sustentavel-e-justa-socialmente","status":"publish","type":"post","link":"https:\/\/pdt-rj.org.br\/index.php\/axel-grael-almeja-niteroi-ainda-mais-sustentavel-e-justa-socialmente\/","title":{"rendered":"Axel Grael almeja Niter\u00f3i ainda mais sustent\u00e1vel e justa socialmente"},"content":{"rendered":"<p><em><b>Eleito no primeiro turno, pedetista dar\u00e1 prosseguimento ao aprovado projeto de gest\u00e3o de Rodrigo Neves<\/b><\/em><\/p>\n<p class=\"yiv8992734205MsoNormal\">\u201cAgora \u00e9 a oportunidade de continuar a transformar sonhos em realidade por meio de projetos que envolvem sustentabilidade, esporte social e de qualidade de vida para todos\u201d, afirmou, Axel Grael, na mensagem endere\u00e7ada \u00e0 popula\u00e7\u00e3o de Niter\u00f3i, na \u00faltima sexta-feira (4). Ao todo, foram 151.846 votos na vit\u00f3ria do projeto trabalhista em primeiro turno, o que representou 62,56%.<\/p>\n<p class=\"yiv8992734205MsoNormal\">O futuro gestor da segunda maior cidade do estado do Rio, com cerca de 500 mil habitantes, j\u00e1 integrava a gest\u00e3o como secret\u00e1rio de Planejamento e iniciou uma\u00a0integrada transi\u00e7\u00e3o para dar prosseguimento ao progresso dos \u00faltimos oito anos.<\/p>\n<p class=\"yiv8992734205MsoNormal\">\u201cSigo focado no processo de transi\u00e7\u00e3o de governo, montando a nova estrutura. Estou muito feliz com o resultado das elei\u00e7\u00f5es e muito animado para dar continuidade a esse projeto iniciado pelo prefeito Rodrigo Neves\u201d, disse Grael, que \u00e9 servidor p\u00fablico de carreira.<\/p>\n<p class=\"yiv8992734205MsoNormal\">Ao citar a aprova\u00e7\u00e3o de 85% da popula\u00e7\u00e3o sobre a atual gest\u00e3o, o servidor p\u00fablico de carreira listou sua experi\u00eancia acumulada a partir de uma trajet\u00f3ria de sucesso tanto no governo do estado, quanto municipal. No encerramento, ratificou o apre\u00e7o por cada cidad\u00e3o.<\/p>\n<p class=\"yiv8992734205MsoNormal\">\u201cMais uma vez, agrade\u00e7o ao povo de Niter\u00f3i, que me escolheu para conduzir a cidade a mais um ciclo de desenvolvimento\u201d, comentou, ao completar: \u201cE que venha 2021! Quero fazer de Niter\u00f3i a cidade da sustentabilidade, da justi\u00e7a social e do bem-viver!\u201d<\/p>\n<p class=\"yiv8992734205MsoNormal\">Confira, abaixo, a mensagem na \u00edntegra:<\/p>\n<p class=\"yiv8992734205MsoNormal\"><i>\u201cA emo\u00e7\u00e3o do dia 15 de novembro, ao ter sido eleito prefeito de Niter\u00f3i, ser\u00e1 sempre lembrada por mim como a coroa\u00e7\u00e3o de uma vida inteira de dedica\u00e7\u00e3o \u00e0 nossa cidade. Quero agradecer os votos \u00e0 popula\u00e7\u00e3o de Niter\u00f3i. Gratid\u00e3o pela confian\u00e7a! Sigo focado no processo de transi\u00e7\u00e3o de governo, montando a nova estrutura. Estou muito feliz com o resultado das elei\u00e7\u00f5es e muito animado para dar continuidade a esse projeto iniciado pelo prefeito Rodrigo Neves.<\/i><\/p>\n<p class=\"yiv8992734205MsoNormal\"><i>Comecei a atuar como ambientalista no final da d\u00e9cada de 1970 com uma dedica\u00e7\u00e3o permanente ao longo dos anos. Al\u00e9m disso, atuei no movimento social, tendo fundado com os meus irm\u00e3os Torben e Lars Grael o Projeto Grael em 1998, organiza\u00e7\u00e3o que oferece a pr\u00e1tica de esportes n\u00e1uticos para estudantes da rede p\u00fablica, como forma de inicia\u00e7\u00e3o esportiva, inclus\u00e3o social, educa\u00e7\u00e3o profissionalizante e ambiental.<\/i><\/p>\n<p class=\"yiv8992734205MsoNormal\"><i>Sou servidor p\u00fablico de carreira e trago em meu curr\u00edculo uma s\u00e9rie de cargos p\u00fablicos e privados, fui presidente do Instituto Estadual de Florestas &#8211; IEF-RJ (1991-1994), da Funda\u00e7\u00e3o Estadual de Engenharia do Meio Ambiente &#8211; FEEMA (1999-2000 e 2007-2008) e Subsecret\u00e1rio de Meio Ambiente do Estado do Rio de Janeiro (2008). Como presidente do IEF-RJ tive a oportunidade de criar o Parque Estadual da Serra da Tiririca. Na FEEMA, dentre outras coisas, tive a oportunidade de coordenar os programas ambientais para a despolui\u00e7\u00e3o da Ba\u00eda de Guanabara.<\/i><\/p>\n<p class=\"yiv8992734205MsoNormal\"><i>A partir de 2013, comecei a trabalhar na gest\u00e3o de Niter\u00f3i como vice-prefeito do Rodrigo e realizamos muito nestes \u00faltimos oito anos, que chega ao final com o n\u00edvel de aprova\u00e7\u00e3o de 85% da popula\u00e7\u00e3o e que resultou na minha elei\u00e7\u00e3o.<\/i><\/p>\n<p class=\"yiv8992734205MsoNormal\"><i>Na verdade, essa campanha eleitoral que vencemos agora come\u00e7ou em 2012 quando elegemos o Rodrigo prefeito e eu vice-prefeito. Ter estado ao lado do prefeito Rodrigo ao longo dos \u00faltimos oito anos, trabalhando nos principais projetos de transforma\u00e7\u00e3o de Niter\u00f3i, me deixou preparado para ser a pessoa a dar continuidade ao nosso projeto de cidade.<\/i><\/p>\n<p class=\"yiv8992734205MsoNormal\"><i>\u00a0Agora \u00e9 a oportunidade de continuar a transformar sonhos em realidade por meio de projetos que envolvem sustentabilidade, esporte social e de qualidade de vida para todos. Algo que eu sempre busquei na vida.<\/i><\/p>\n<p class=\"yiv8992734205MsoNormal\"><i>Mais uma vez, agrade\u00e7o ao povo de Niter\u00f3i, que me escolheu para conduzir a cidade a mais um ciclo de desenvolvimento. Tamb\u00e9m quero deixar meu agradecimento \u00e0 Christa, aos meus familiares, ao prefeito Rodrigo Neves, ao PDT, aos colegas da Prefeitura e todas as demais pessoas que acompanham minha trajet\u00f3ria no movimento ambientalista e social, em particular no Projeto Grael.<\/i><\/p>\n<p class=\"yiv8992734205MsoNormal\"><i>E que venha 2021! Quero fazer de Niter\u00f3i a cidade da sustentabilidade, da justi\u00e7a social e do bem-viver!\u201d<\/i><\/p>\n<p class=\"yiv8992734205MsoNormal\"><b><i>Axel Grael<\/i><\/b><\/p>\n<!-- AddThis Advanced Settings generic via filter on the_content --><!-- AddThis Share Buttons generic via filter on the_content -->","protected":false},"excerpt":{"rendered":"<p>Eleito no primeiro turno, pedetista dar\u00e1 prosseguimento ao aprovado projeto de gest\u00e3o de Rodrigo Neves \u201cAgora \u00e9 a oportunidade de continuar a transformar sonhos em realidade por meio de projetos que envolvem sustentabilidade, esporte social e de qualidade de vida para todos\u201d, afirmou, Axel Grael, na mensagem endere\u00e7ada \u00e0 popula\u00e7\u00e3o de Niter\u00f3i, na \u00faltima sexta-feira&#8230;<!-- AddThis Advanced Settings generic via filter on wp_trim_excerpt --><!-- AddThis Share Buttons generic via filter on wp_trim_excerpt --><\/p>\n","protected":false},"author":17,"featured_media":74991,"comment_status":"closed","ping_status":"closed","sticky":false,"template":"","format":"standard","meta":{"_monsterinsights_skip_tracking":false,"_monsterinsights_sitenote_active":false,"_monsterinsights_sitenote_note":"","_monsterinsights_sitenote_category":0,"_uf_show_specific_survey":0,"_uf_disable_surveys":false,"footnotes":""},"categories":[1390,976],"tags":[],"class_list":["post-74990","post","type-post","status-publish","format-standard","has-post-thumbnail","hentry","category-editorias","category-noticias-em-destaque"],"acf":[],"_links":{"self":[{"href":"https:\/\/pdt-rj.org.br\/index.php\/wp-json\/wp\/v2\/posts\/74990","targetHints":{"allow":["GET"]}}],"collection":[{"href":"https:\/\/pdt-rj.org.br\/index.php\/wp-json\/wp\/v2\/posts"}],"about":[{"href":"https:\/\/pdt-rj.org.br\/index.php\/wp-json\/wp\/v2\/types\/post"}],"author":[{"embeddable":true,"href":"https:\/\/pdt-rj.org.br\/index.php\/wp-json\/wp\/v2\/users\/17"}],"replies":[{"embeddable":true,"href":"https:\/\/pdt-rj.org.br\/index.php\/wp-json\/wp\/v2\/comments?post=74990"}],"version-history":[{"count":1,"href":"https:\/\/pdt-rj.org.br\/index.php\/wp-json\/wp\/v2\/posts\/74990\/revisions"}],"predecessor-version":[{"id":74992,"href":"https:\/\/pdt-rj.org.br\/index.php\/wp-json\/wp\/v2\/posts\/74990\/revisions\/74992"}],"wp:featuredmedia":[{"embeddable":true,"href":"https:\/\/pdt-rj.org.br\/index.php\/wp-json\/wp\/v2\/media\/74991"}],"wp:attachment":[{"href":"https:\/\/pdt-rj.org.br\/index.php\/wp-json\/wp\/v2\/media?parent=74990"}],"wp:term":[{"taxonomy":"category","embeddable":true,"href":"https:\/\/pdt-rj.org.br\/index.php\/wp-json\/wp\/v2\/categories?post=74990"},{"taxonomy":"post_tag","embeddable":true,"href":"https:\/\/pdt-rj.org.br\/index.php\/wp-json\/wp\/v2\/tags?post=74990"}],"curies":[{"name":"wp","href":"https:\/\/api.w.org\/{rel}","templated":true}]}}