{"id":74985,"date":"2020-12-04T19:05:22","date_gmt":"2020-12-04T22:05:22","guid":{"rendered":"http:\/\/pdt-rj.org.br\/?p=74985"},"modified":"2020-12-04T19:05:56","modified_gmt":"2020-12-04T22:05:56","slug":"na-flb-ap-manoel-dias-define-prioridades-de-2021-formacao-e-engajamento","status":"publish","type":"post","link":"https:\/\/pdt-rj.org.br\/index.php\/na-flb-ap-manoel-dias-define-prioridades-de-2021-formacao-e-engajamento\/","title":{"rendered":"Na FLB-AP, Manoel Dias define prioridades de 2021: forma\u00e7\u00e3o e engajamento"},"content":{"rendered":"<div class=\"msg-body P_wpofO mq_AS\" data-test-id=\"message-view-body-content\">\n<div class=\"jb_0 X_6MGW N_6Fd5\">\n<div id=\"yiv5804280677\">\n<div dir=\"ltr\">\n<p class=\"yiv5804280677MsoNormal\"><strong><em>Durante reuni\u00e3o com vices, o presidente valorizou evolu\u00e7\u00e3o do planejamento estrat\u00e9gico da institui\u00e7\u00e3o<\/em><\/strong><\/p>\n<p class=\"yiv5804280677MsoNormal\">\u201cIntensificar a forma\u00e7\u00e3o e o engajamento dos quadros do PDT, incluindo prefeitos e vereadores eleitos, para confirmar nossos diferenciais competitivos\u201d, garantiu o presidente da Funda\u00e7\u00e3o Leonel Brizola \u2013 Alberto Pasqualini (FLB-AP), Manoel Dias, ao projetar a mobiliza\u00e7\u00e3o em torno do projeto trabalhista para disputa das elei\u00e7\u00f5es presidenciais, em 2022. O posicionamento ocorreu durante reuni\u00e3o virtual, nesta sexta-feira (4), com os vice-presidentes estaduais e lideran\u00e7as.<\/p>\n<p class=\"yiv5804280677MsoNormal\">Ao valorizar o desempenho pedetista no pleito municipal, com a vit\u00f3ria de 314 prefeitos e 3441 vereadores em todo o pa\u00eds, Dias exaltou as estrat\u00e9gias tra\u00e7adas a partir do presidente nacional do PDT, Carlos Lupi, e a responsabilidade da Funda\u00e7\u00e3o na solidifica\u00e7\u00e3o dos avan\u00e7os pelo campo popular.<\/p>\n<p class=\"yiv5804280677MsoNormal\">\u201cTemos uma miss\u00e3o fundamental: solidificar as bandeiras do Trabalhismo no cora\u00e7\u00e3o e na mente de cada militante, com ou sem mandato. Com consci\u00eancia, motiva\u00e7\u00e3o e fideliza\u00e7\u00e3o, vamos efetivar o Projeto Nacional de Desenvolvimento e garantir um futuro mais justo, igual e democr\u00e1tico para todos os brasileiros\u201d, afirmou Dias, que tamb\u00e9m \u00e9 secret\u00e1rio-geral nacional da sigla.<\/p>\n<p class=\"yiv5804280677MsoNormal\">\u201cCom a evolu\u00e7\u00e3o do planejamento estrat\u00e9gico tra\u00e7ado, surgiram triunfos a partir da soma de esfor\u00e7os. Com esse foco, conseguiremos, em 2021, resultados ainda mais representativos\u201d, completou.<\/p>\n<p class=\"yiv5804280677MsoNormal\">Ao longo do encontro, organizado pelo secret\u00e1rio-executivo, Ades Oliveira, os setores da Funda\u00e7\u00e3o, incluindo o Centro de Mem\u00f3ria Trabalhista (CMT), a Universidade Aberta Leonel Brizola (ULB), a Secretaria de N\u00facleos de Base, a R\u00e1dio Legalidade e a Central de M\u00eddias Sociais, apresentaram suas propostas e projetos para expans\u00e3o nos estados.<\/p>\n<p class=\"yiv5804280677MsoNormal\">\u201cEm parceria com os vices, diret\u00f3rios e movimentos do PDT, buscamos alcan\u00e7ar o cidad\u00e3o com projetos gratuitos e efetivos que buscam transformar a vida do povo, a partir da realidade de cada localidade\u201d, concluiu Ades.<\/p>\n<\/div>\n<\/div>\n<\/div>\n<\/div>\n<div class=\"jb_0 X_6MGW N_6Fd5\">\n<div class=\"P_0 je_fq7\">\n<ul class=\"hd_n D_F eo_HB M_gQyVX P_0\">\n<li class=\"E_6Fd5 Y_6LEV\" data-test-id=\"attachment-tray-list-item\">\n<div class=\"W_3n93F p_R\" data-test-id=\"attachment-item\">\n<div class=\"I_2iedTo k_w H_7yHc p_R o_h\" data-test-id=\"attachment-container\"><\/div>\n<\/div>\n<\/li>\n<\/ul>\n<\/div>\n<\/div>\n<!-- AddThis Advanced Settings generic via filter on the_content --><!-- AddThis Share Buttons generic via filter on the_content -->","protected":false},"excerpt":{"rendered":"<p>Durante reuni\u00e3o com vices, o presidente valorizou evolu\u00e7\u00e3o do planejamento estrat\u00e9gico da institui\u00e7\u00e3o \u201cIntensificar a forma\u00e7\u00e3o e o engajamento dos quadros do PDT, incluindo prefeitos e vereadores eleitos, para confirmar nossos diferenciais competitivos\u201d, garantiu o presidente da Funda\u00e7\u00e3o Leonel Brizola \u2013 Alberto Pasqualini (FLB-AP), Manoel Dias, ao projetar a mobiliza\u00e7\u00e3o em torno do projeto trabalhista&#8230;<!-- AddThis Advanced Settings generic via filter on wp_trim_excerpt --><!-- AddThis Share Buttons generic via filter on wp_trim_excerpt --><\/p>\n","protected":false},"author":17,"featured_media":74986,"comment_status":"closed","ping_status":"closed","sticky":false,"template":"","format":"standard","meta":{"_monsterinsights_skip_tracking":false,"_monsterinsights_sitenote_active":false,"_monsterinsights_sitenote_note":"","_monsterinsights_sitenote_category":0,"_uf_show_specific_survey":0,"_uf_disable_surveys":false,"footnotes":""},"categories":[1390],"tags":[196,4178,3140,3734,591,2001,4177,46,931,1598],"class_list":["post-74985","post","type-post","status-publish","format-standard","has-post-thumbnail","hentry","category-editorias","tag-carlos-lupi","tag-central-de-midias-sociais","tag-centro-de-memoria-trabalhista","tag-cmt","tag-manoel-dias","tag-radio-legalidade","tag-secretaria-de-nucleos-de-base","tag-trabalhismo","tag-ulb","tag-universidade-aberta-leonel-brizola"],"acf":[],"_links":{"self":[{"href":"https:\/\/pdt-rj.org.br\/index.php\/wp-json\/wp\/v2\/posts\/74985","targetHints":{"allow":["GET"]}}],"collection":[{"href":"https:\/\/pdt-rj.org.br\/index.php\/wp-json\/wp\/v2\/posts"}],"about":[{"href":"https:\/\/pdt-rj.org.br\/index.php\/wp-json\/wp\/v2\/types\/post"}],"author":[{"embeddable":true,"href":"https:\/\/pdt-rj.org.br\/index.php\/wp-json\/wp\/v2\/users\/17"}],"replies":[{"embeddable":true,"href":"https:\/\/pdt-rj.org.br\/index.php\/wp-json\/wp\/v2\/comments?post=74985"}],"version-history":[{"count":2,"href":"https:\/\/pdt-rj.org.br\/index.php\/wp-json\/wp\/v2\/posts\/74985\/revisions"}],"predecessor-version":[{"id":74988,"href":"https:\/\/pdt-rj.org.br\/index.php\/wp-json\/wp\/v2\/posts\/74985\/revisions\/74988"}],"wp:featuredmedia":[{"embeddable":true,"href":"https:\/\/pdt-rj.org.br\/index.php\/wp-json\/wp\/v2\/media\/74986"}],"wp:attachment":[{"href":"https:\/\/pdt-rj.org.br\/index.php\/wp-json\/wp\/v2\/media?parent=74985"}],"wp:term":[{"taxonomy":"category","embeddable":true,"href":"https:\/\/pdt-rj.org.br\/index.php\/wp-json\/wp\/v2\/categories?post=74985"},{"taxonomy":"post_tag","embeddable":true,"href":"https:\/\/pdt-rj.org.br\/index.php\/wp-json\/wp\/v2\/tags?post=74985"}],"curies":[{"name":"wp","href":"https:\/\/api.w.org\/{rel}","templated":true}]}}