{"id":74981,"date":"2020-12-04T15:26:35","date_gmt":"2020-12-04T18:26:35","guid":{"rendered":"http:\/\/pdt-rj.org.br\/?p=74981"},"modified":"2020-12-09T17:12:12","modified_gmt":"2020-12-09T20:12:12","slug":"tse-lupi-requer-pdt-no-processo-contra-chapa-de-garotinho-em-campos-dos-goytacazes-rj","status":"publish","type":"post","link":"https:\/\/pdt-rj.org.br\/index.php\/tse-lupi-requer-pdt-no-processo-contra-chapa-de-garotinho-em-campos-dos-goytacazes-rj\/","title":{"rendered":"TSE: Lupi requer PDT no processo contra chapa de Garotinho, em Campos dos Goytacazes (RJ)"},"content":{"rendered":"<p class=\"yiv0626057932MsoNormal\"><em><strong>Na disputa municipal, partido defende impugna\u00e7\u00e3o da chapa por irregularidade com vice-prefeito eleito<\/strong><\/em><\/p>\n<p class=\"yiv0626057932MsoNormal\">O PDT, representado pelo presidente nacional, Carlos Lupi, entrou com Recurso Especial Eleitoral (REC) na \u00faltima quarta-feira (2), no Tribunal Superior Eleitoral (TSE), para integrar o processo que julga a impugna\u00e7\u00e3o da candidatura, em Campos dos Goytacazes (RJ), do vice-prefeito eleito Frederico Paes (MDB), que comp\u00f5e a chapa com Wladimir Garotinho (PSD). Com Caio Vianna at\u00e9 o segundo turno, o partido disputou a prefeitura encabe\u00e7ando a coliga\u00e7\u00e3o \u2018Reviva Campos\u2019.<\/p>\n<p class=\"yiv0626057932MsoNormal\">O pedido formal foi endere\u00e7ado ao ministro Luis Felipe Salom\u00e3o, relator do caso no TSE, e busca que a sigla pedetista seja qualificada, portanto, para exercer o direito de interven\u00e7\u00e3o na a\u00e7\u00e3o contra o postulante sub judice da coliga\u00e7\u00e3o \u201cUm governo de verdade\u201d.<\/p>\n<p class=\"yiv0626057932MsoNormal\">\u201cRequer, nesta oportunidade, o ingresso do Partido Democr\u00e1tico Trabalhista (PDT), como assistente simples, j\u00e1 que poder\u00e1 sofrer os reflexos decorrentes do provimento do Recurso Supracitado, pois o candidato Caio Vianna, filiado ao PDT, foi o segundo colocado na disputa\u201d, descreve o documento.<\/p>\n<p class=\"yiv0626057932MsoNormal\">Ao concluir, o PDT refor\u00e7a que \u00e9 determinante a apura\u00e7\u00e3o da licitude do registro para defini\u00e7\u00e3o do resultado do pleito ocorrido no \u00faltimo dia 29 de novembro.<\/p>\n<p class=\"yiv0626057932MsoNormal\">\u201cO c\u00f4mputo, para o respectivo partido ou coliga\u00e7\u00e3o, dos votos atribu\u00eddos aos candidatos cujo registro esteja sub judice no dia da elei\u00e7\u00e3o fica condicionado ao deferimento do registro do candidato, raz\u00e3o pela qual o pedido de interven\u00e7\u00e3o como assistente simples \u00e9 salutar\u201d, refor\u00e7a, na peti\u00e7\u00e3o.<\/p>\n<p class=\"yiv0626057932MsoNormal\">Caio Vianna comentou que o apoio da dire\u00e7\u00e3o nacional do partido mostra a import\u00e2ncia de garantir uma escolha democr\u00e1tica e leg\u00edtima na maior cidade do Norte Fluminense.<\/p>\n<p class=\"yiv0626057932MsoNormal\">\u201cMinha chapa entrou com o pedido para participar desse processo que ir\u00e1 definir os verdadeiros destinos do nosso munic\u00edpio. Acreditamos na Justi\u00e7a e na jurisprud\u00eancia pacificada no tribunal. A entrada do PDT nacional \u00e9 importante, pois nacionaliza essa quest\u00e3o local, mas que \u00e9 de grande import\u00e2ncia para o estado e pa\u00eds\u201d, afirmou, \u00e0 imprensa.<\/p>\n<p class=\"yiv0626057932MsoNormal\"><strong>Origem<\/strong><\/p>\n<p class=\"yiv0626057932MsoNormal\">A coliga\u00e7\u00e3o \u201cNova For\u00e7a\u201d, do candidato Bruno Calil (Solidariedade), ajuizou a\u00e7\u00e3o de impugna\u00e7\u00e3o ao registro de candidatura (AIRC) por alegar que Frederico Paes n\u00e3o havia se desincompatibilizado, no prazo legal, dos cargos de diretor do Hospital Plantadores de Cana \u2013 HPC e de presidente do Sindicato dos Hospitais, Cl\u00ednicas, Casas de Sa\u00fade e Estabelecimentos de Servi\u00e7os de Sa\u00fade da Regi\u00e3o Norte Fluminense \u2013 SINDHNORTE.<\/p>\n<p class=\"yiv0626057932MsoNormal\">No Rio de Janeiro, o Tribunal Regional Eleitoral (TRE-RJ) acatou o pedido por entender que \u201cficar \u00e0 frente de hospital que atende milhares de pessoas e centenas de gr\u00e1vidas ao ano e que utiliza recursos p\u00fablicos para fazer frente \u00e0 quase totalidade de suas receitas, restaria maculada igualdade no pleito caso seu registro fosse deferido\u201d.<\/p>\n<p class=\"yiv0626057932MsoNormal\"><i>*Com informa\u00e7\u00e3o do site \u2018Campos em Foco\u2019.<\/i><\/p>\n<!-- AddThis Advanced Settings generic via filter on the_content --><!-- AddThis Share Buttons generic via filter on the_content -->","protected":false},"excerpt":{"rendered":"<p>Na disputa municipal, partido defende impugna\u00e7\u00e3o da chapa por irregularidade com vice-prefeito eleito O PDT, representado pelo presidente nacional, Carlos Lupi, entrou com Recurso Especial Eleitoral (REC) na \u00faltima quarta-feira (2), no Tribunal Superior Eleitoral (TSE), para integrar o processo que julga a impugna\u00e7\u00e3o da candidatura, em Campos dos Goytacazes (RJ), do vice-prefeito eleito Frederico&#8230;<!-- AddThis Advanced Settings generic via filter on wp_trim_excerpt --><!-- AddThis Share Buttons generic via filter on wp_trim_excerpt --><\/p>\n","protected":false},"author":17,"featured_media":74982,"comment_status":"closed","ping_status":"closed","sticky":false,"template":"","format":"standard","meta":{"_monsterinsights_skip_tracking":false,"_monsterinsights_sitenote_active":false,"_monsterinsights_sitenote_note":"","_monsterinsights_sitenote_category":0,"_uf_show_specific_survey":0,"_uf_disable_surveys":false,"footnotes":""},"categories":[1390,1402,975,976],"tags":[],"class_list":["post-74981","post","type-post","status-publish","format-standard","has-post-thumbnail","hentry","category-editorias","category-cidades","category-manchete","category-noticias-em-destaque"],"acf":[],"_links":{"self":[{"href":"https:\/\/pdt-rj.org.br\/index.php\/wp-json\/wp\/v2\/posts\/74981","targetHints":{"allow":["GET"]}}],"collection":[{"href":"https:\/\/pdt-rj.org.br\/index.php\/wp-json\/wp\/v2\/posts"}],"about":[{"href":"https:\/\/pdt-rj.org.br\/index.php\/wp-json\/wp\/v2\/types\/post"}],"author":[{"embeddable":true,"href":"https:\/\/pdt-rj.org.br\/index.php\/wp-json\/wp\/v2\/users\/17"}],"replies":[{"embeddable":true,"href":"https:\/\/pdt-rj.org.br\/index.php\/wp-json\/wp\/v2\/comments?post=74981"}],"version-history":[{"count":3,"href":"https:\/\/pdt-rj.org.br\/index.php\/wp-json\/wp\/v2\/posts\/74981\/revisions"}],"predecessor-version":[{"id":75035,"href":"https:\/\/pdt-rj.org.br\/index.php\/wp-json\/wp\/v2\/posts\/74981\/revisions\/75035"}],"wp:featuredmedia":[{"embeddable":true,"href":"https:\/\/pdt-rj.org.br\/index.php\/wp-json\/wp\/v2\/media\/74982"}],"wp:attachment":[{"href":"https:\/\/pdt-rj.org.br\/index.php\/wp-json\/wp\/v2\/media?parent=74981"}],"wp:term":[{"taxonomy":"category","embeddable":true,"href":"https:\/\/pdt-rj.org.br\/index.php\/wp-json\/wp\/v2\/categories?post=74981"},{"taxonomy":"post_tag","embeddable":true,"href":"https:\/\/pdt-rj.org.br\/index.php\/wp-json\/wp\/v2\/tags?post=74981"}],"curies":[{"name":"wp","href":"https:\/\/api.w.org\/{rel}","templated":true}]}}