{"id":74954,"date":"2020-12-03T15:27:23","date_gmt":"2020-12-03T18:27:23","guid":{"rendered":"http:\/\/pdt-rj.org.br\/?p=74954"},"modified":"2020-12-03T15:51:31","modified_gmt":"2020-12-03T18:51:31","slug":"serie-sobre-exilio-do-presidente-joao-goulart-estreia-em-canal-argentino","status":"publish","type":"post","link":"https:\/\/pdt-rj.org.br\/index.php\/serie-sobre-exilio-do-presidente-joao-goulart-estreia-em-canal-argentino\/","title":{"rendered":"S\u00e9rie sobre ex\u00edlio do presidente Jo\u00e3o Goulart estreia em canal argentino"},"content":{"rendered":"<div class=\"msg-body P_wpofO mq_AS\" data-test-id=\"message-view-body-content\">\n<div class=\"jb_0 X_6MGW N_6Fd5\">\n<div id=\"yiv7469023708\">\n<div dir=\"ltr\">\n<p class=\"yiv7469023708MsoNormal\"><em><b>Deposto pelo golpe militar no Brasil, o l\u00edder trabalhista faleceu no pa\u00eds sul-americano em 1976<\/b><\/em><\/p>\n<p class=\"yiv7469023708MsoNormal\">Os 44 anos sem o ex-presidente da Rep\u00fablica, Jo\u00e3o Goulart (Jango), que faleceu no dia 6 de dezembro de 1974, estar\u00e3o em destaque a partir de hoje (3), \u00e0s 20h, no canal argentino\u00a0<i>Encuentro<\/i>. A televis\u00e3o estatal estrear\u00e1 a s\u00e9rie\u00a0<i>La Muerte de un Presidente<\/i>, do cineasta Maximiliano Gonz\u00e1lez.<\/p>\n<p class=\"yiv7469023708MsoNormal\">Em 6 cap\u00edtulos, que poder\u00e3o ser assistidos pelo Youtube (<a href=\"https:\/\/www.youtube.com\/user\/encuentro\" target=\"_blank\" rel=\"nofollow noopener noreferrer\">https:\/\/www.youtube.com\/user\/encuentro<\/a>), o final da vida do l\u00edder trabalhista foi retratada por ampliado elenco, incluindo os atores Hugo Arana, V\u00edcto Laplace e Paula Sartor. A produ\u00e7\u00e3o demandou cerca de dois anos para prepara\u00e7\u00e3o e conclus\u00e3o.<\/p>\n<p class=\"yiv7469023708MsoNormal\">Segundo Maximiliano Gonz\u00e1lez, diretor e roteirista de diversos filmes e document\u00e1rios latinos, \u201ca ideia \u00e9 que, a partir de 2021, a s\u00e9rie possa ser vista no Brasil\u201d.<\/p>\n<p class=\"yiv7469023708MsoNormal\">\u201cA s\u00e9rie tenta fazer um chamado \u00e0 reflex\u00e3o para saber como foi a hist\u00f3ria silenciada. Sem conhecer \u00e9 imposs\u00edvel mud\u00e1-la. Tento mostrar os mecanismos de desestabiliza\u00e7\u00e3o quando um governo popular amplia direitos e privil\u00e9gios s\u00e3o suprimidos como sempre acontece na Am\u00e9rica Latina\u201d, comentou.<\/p>\n<p class=\"yiv7469023708MsoNormal\">Rela\u00e7\u00e3o<\/p>\n<p class=\"yiv7469023708MsoNormal\">O v\u00ednculo hist\u00f3rico com o pa\u00eds sul-americano foi estreitado a partir do golpe militar de 1964, que desencadeou sua destitui\u00e7\u00e3o inconstitucional do cargo e o ex\u00edlio, primeiramente com a sa\u00edda para o Uruguai.<\/p>\n<p class=\"yiv7469023708MsoNormal\">Em 1973, a convite do ent\u00e3o presidente\u00a0Juan Domingo Per\u00f3n, Jango passou a residir em Buenos Aires, capital argentina, e em sua fazenda La Villa, no munic\u00edpio de Mercedes.<\/p>\n<p class=\"yiv7469023708MsoNormal\">Confira o\u00a0<i>trailer<\/i>:\u00a0<a href=\"https:\/\/vimeo.com\/402417547\" target=\"_blank\" rel=\"nofollow noopener noreferrer\">https:\/\/vimeo.com\/402417547<\/a><\/p>\n<\/div>\n<\/div>\n<\/div>\n<\/div>\n<div class=\"jb_0 X_6MGW N_6Fd5\">\n<div class=\"P_0 je_fq7\">\n<ul class=\"hd_n D_F eo_HB M_gQyVX P_0\">\n<li class=\"E_6Fd5 Y_6LEV\" data-test-id=\"attachment-tray-list-item\">\n<div class=\"W_3n93F p_R\" data-test-id=\"attachment-item\">\n<div class=\"I_2iedTo k_w H_7yHc p_R o_h\" data-test-id=\"attachment-container\">\n<div class=\"D_F ab_C gl_C H_6D6F\"><img decoding=\"async\" class=\"W_6D6F\" src=\"https:\/\/apis.mail.yahoo.com\/ws\/v3\/mailboxes\/@.id==VjN-22qdcJJMkGRnzb99rK_DcPUKLi-Ei1ETFLM5P7AN-zlrrdYtpEA5bdk_e8yt8vibGlaNosrWpuBHmOD6eMSoog\/messages\/@.id==AH9q2dZqtt42X8kr1gp7mIJ8sKU\/content\/parts\/@.id==2\/thumbnail?appId=YMailNorrin&amp;size=150w&amp;w=150&amp;h=150\" data-test-id=\"attachment-thumbnail\" \/><\/div>\n<\/div>\n<\/div>\n<\/li>\n<\/ul>\n<\/div>\n<\/div>\n<!-- AddThis Advanced Settings generic via filter on the_content --><!-- AddThis Share Buttons generic via filter on the_content -->","protected":false},"excerpt":{"rendered":"<p>Deposto pelo golpe militar no Brasil, o l\u00edder trabalhista faleceu no pa\u00eds sul-americano em 1976 Os 44 anos sem o ex-presidente da Rep\u00fablica, Jo\u00e3o Goulart (Jango), que faleceu no dia 6 de dezembro de 1974, estar\u00e3o em destaque a partir de hoje (3), \u00e0s 20h, no canal argentino\u00a0Encuentro. A televis\u00e3o estatal estrear\u00e1 a s\u00e9rie\u00a0La Muerte&#8230;<!-- AddThis Advanced Settings generic via filter on wp_trim_excerpt --><!-- AddThis Share Buttons generic via filter on wp_trim_excerpt --><\/p>\n","protected":false},"author":17,"featured_media":74955,"comment_status":"closed","ping_status":"closed","sticky":false,"template":"","format":"standard","meta":{"_monsterinsights_skip_tracking":false,"_monsterinsights_sitenote_active":false,"_monsterinsights_sitenote_note":"","_monsterinsights_sitenote_category":0,"_uf_show_specific_survey":0,"_uf_disable_surveys":false,"footnotes":""},"categories":[976],"tags":[514],"class_list":["post-74954","post","type-post","status-publish","format-standard","has-post-thumbnail","hentry","category-noticias-em-destaque","tag-joao-goulart"],"acf":[],"_links":{"self":[{"href":"https:\/\/pdt-rj.org.br\/index.php\/wp-json\/wp\/v2\/posts\/74954","targetHints":{"allow":["GET"]}}],"collection":[{"href":"https:\/\/pdt-rj.org.br\/index.php\/wp-json\/wp\/v2\/posts"}],"about":[{"href":"https:\/\/pdt-rj.org.br\/index.php\/wp-json\/wp\/v2\/types\/post"}],"author":[{"embeddable":true,"href":"https:\/\/pdt-rj.org.br\/index.php\/wp-json\/wp\/v2\/users\/17"}],"replies":[{"embeddable":true,"href":"https:\/\/pdt-rj.org.br\/index.php\/wp-json\/wp\/v2\/comments?post=74954"}],"version-history":[{"count":3,"href":"https:\/\/pdt-rj.org.br\/index.php\/wp-json\/wp\/v2\/posts\/74954\/revisions"}],"predecessor-version":[{"id":74959,"href":"https:\/\/pdt-rj.org.br\/index.php\/wp-json\/wp\/v2\/posts\/74954\/revisions\/74959"}],"wp:featuredmedia":[{"embeddable":true,"href":"https:\/\/pdt-rj.org.br\/index.php\/wp-json\/wp\/v2\/media\/74955"}],"wp:attachment":[{"href":"https:\/\/pdt-rj.org.br\/index.php\/wp-json\/wp\/v2\/media?parent=74954"}],"wp:term":[{"taxonomy":"category","embeddable":true,"href":"https:\/\/pdt-rj.org.br\/index.php\/wp-json\/wp\/v2\/categories?post=74954"},{"taxonomy":"post_tag","embeddable":true,"href":"https:\/\/pdt-rj.org.br\/index.php\/wp-json\/wp\/v2\/tags?post=74954"}],"curies":[{"name":"wp","href":"https:\/\/api.w.org\/{rel}","templated":true}]}}