{"id":74950,"date":"2020-12-06T00:15:12","date_gmt":"2020-12-06T03:15:12","guid":{"rendered":"http:\/\/pdt-rj.org.br\/?p=74950"},"modified":"2020-12-06T10:31:47","modified_gmt":"2020-12-06T13:31:47","slug":"golpe-de-64-por-carta-e-relato-a-indignacao-patriotica-de-joao-goulart","status":"publish","type":"post","link":"https:\/\/pdt-rj.org.br\/index.php\/golpe-de-64-por-carta-e-relato-a-indignacao-patriotica-de-joao-goulart\/","title":{"rendered":"Golpe de 64: por carta e relato, a indigna\u00e7\u00e3o patri\u00f3tica de Jo\u00e3o Goulart"},"content":{"rendered":"<p class=\"yiv8787049786MsoNormal\"><em><b>Documentos s\u00e3o resgatados em homenagem aos 44 anos do falecimento do l\u00edder trabalhista, no ex\u00edlio<\/b><\/em><\/p>\n<p class=\"yiv8787049786MsoNormal\"><i>*Por Bruno Ribeiro \/ FLB-AP<\/i><\/p>\n<p class=\"yiv8787049786MsoNormal\">O falecimento do ex-presidente da Rep\u00fablica, Jo\u00e3o Goulart (Jango), na Fazenda La Villa, em Mercedes, na Argentina, em pleno ex\u00edlio, foi a conclus\u00e3o da resist\u00eancia de um l\u00edder constitucionalista e democr\u00e1tico brasileiro. O 6 de dezembro, de 1976, entrou tamb\u00e9m para a hist\u00f3ria como um atestado representativo das sequelas geradas pela ditadura militar, a partir de 1964.<\/p>\n<p class=\"yiv8787049786MsoNormal\">Em documentos que traduzem as a\u00e7\u00f5es e sentimentos do l\u00edder eleito, destacam-se a \u00faltima carta, antes da partida para o Uruguai, e um relat\u00f3rio enviado diante do desenrolar do controle das For\u00e7as Armadas no Estado. Resgatadas pelo Centro de Mem\u00f3ria Trabalhista (CMT) em publica\u00e7\u00e3o do \u201cEspa\u00e7o Democr\u00e1tico\u201d, de 1984, as duas manifesta\u00e7\u00f5es tinham o mesmo destinat\u00e1rio: o l\u00edder do antigo PTB na C\u00e2mara, deputado federal Doutel de Andrade.<\/p>\n<p class=\"yiv8787049786MsoNormal\">\u201cSe houvesse um ponto onde resistir objetivamente, permaneceria na estacada para, mesmo com sacrif\u00edcio, marcar meu protesto. Nem esta hip\u00f3tese \u00e9 mais poss\u00edvel, raz\u00e3o pela qual penso cruzar a fronteira, onde gostaria de conversar com os meus amigos.\u201d Assim, Jango encerrou a sua \u00faltima correspond\u00eancia escrita, em territ\u00f3rio brasileiro, antes do ex\u00edlio.<\/p>\n<p class=\"yiv8787049786MsoNormal\">Em relat\u00f3rio, enviado do exterior, o trabalhista manifestava seu apre\u00e7o pela na\u00e7\u00e3o, valorizava os pilares populares da sua gest\u00e3o e a indigna\u00e7\u00e3o contra as medidas arquitetadas por grupos que se beneficiaram diretamente do golpe imposto.<\/p>\n<p class=\"yiv8787049786MsoNormal\">\u201cSinto-me, Doutel, infeliz como brasileiro, longe do conv\u00edvio dos meus amigos e enxotado da minha p\u00e1tria, que procurei servir, quando sou obrigado a tratar de assuntos dessa natureza\u201d, declarou, ao completar: \u201cDevia estar pedindo informa\u00e7\u00f5es ao meu l\u00edder acerca das not\u00edcias, tamb\u00e9m divulgadas pela imprensa internacional, de que o Brasil, nos \u00faltimos 3 meses, sofreu um preju\u00edzo na sua exporta\u00e7\u00e3o de caf\u00e9 de mais de 100 milh\u00f5es de d\u00f3lares. Devia falar da Lei de Remessa de Lucros, que j\u00e1 foi revogada, do custo de vida, etc.\u201d<\/p>\n<p class=\"yiv8787049786MsoNormal\"><b>Carta, antes do ex\u00edlio:<\/b><\/p>\n<p class=\"yiv8787049786MsoNormal\"><i>\u201cDoutel,\u00a0\u00a0\u00a0\u00a0\u00a0\u00a0\u00a0\u00a0\u00a0\u00a0\u00a0\u00a0\u00a0\u00a0\u00a0\u00a0\u00a0\u00a0\u00a0\u00a0\u00a0\u00a0\u00a0\u00a0\u00a0\u00a0\u00a0\u00a0\u00a0\u00a0<\/i><\/p>\n<p class=\"yiv8787049786MsoNormal\"><i>Hoje, penso atravessar a fronteira para o Uruguai, cujo governo fiel \u00e0s suas grandes tradi\u00e7\u00f5es democr\u00e1ticas, comunicou-me que tudo ser\u00e1 facilitado. Espero, de l\u00e1, entrar em contato com os meus amigos e companheiros.<\/i><\/p>\n<p class=\"yiv8787049786MsoNormal\"><i>Tentei permanecer mais tempo no pa\u00eds, mas cheguei \u00e0 conclus\u00e3o de que, no momento, minha presen\u00e7a aqui em nada alterava a situa\u00e7\u00e3o de fato com minha deposi\u00e7\u00e3o e a posse ilegal e inconstitucional do presidente da C\u00e2mara.<\/i><\/p>\n<p class=\"yiv8787049786MsoNormal\"><i>Ontem, ou melhor esta madrugada, no calor de um cerco militar enviei ao amigo, para conhecimento dos meus leais companheiros, uma mensagem que ficou com o dr. Ayrton&#8230; A impress\u00e3o que se tem \u00e9 de que, s\u00f3 com algum tempo, poderemos rearticular nosso programa de a\u00e7\u00e3o.<\/i><\/p>\n<p class=\"yiv8787049786MsoNormal\"><i>Quando, no Rio, senti que a defesa das for\u00e7as leais \u00e0 Constitui\u00e7\u00e3o n\u00e3o correspondia em virtude do desmoronamento dos escal\u00f5es m\u00e9dios. Tentei Bras\u00edlia. L\u00e1, quadro id\u00eantico. Toquei para Porto Alegre, para l\u00e1, ao lado de outros companheiros, tentar a resist\u00eancia legalista.<\/i><\/p>\n<p class=\"yiv8787049786MsoNormal\"><i>Tamb\u00e9m, ao fim de algumas horas, tudo foi se tornando cada vez mais dif\u00edcil&#8230; pela rapidez com que o povo foi surpreendido. Vim para a fronteira, onde permane\u00e7o, h\u00e1 dois dias, e de onde esperava contatos com amigos.<\/i><\/p>\n<p class=\"yiv8787049786MsoNormal\"><i>As condi\u00e7\u00f5es foram se tornando&#8230; em virtude da pris\u00e3o em massa dos nossos companheiros mais dedicados&#8230; Se houvesse um ponto onde resistir objetivamente, permaneceria na estacada para, mesmo com sacrif\u00edcio, marcar meu protesto. Nem esta hip\u00f3tese \u00e9 mais poss\u00edvel, raz\u00e3o pela qual penso cruzar a fronteira, onde gostaria de conversar com os meus amigos.\u201d<\/i><\/p>\n<p class=\"yiv8787049786MsoNormal\"><i>Jo\u00e3o Goulart<\/i><\/p>\n<p class=\"yiv8787049786MsoNormal\"><i>4-4-64<\/i><\/p>\n<p class=\"yiv8787049786MsoNormal\"><b>Relat\u00f3rio, no ex\u00edlio:<\/b><\/p>\n<p class=\"yiv8787049786MsoNormal\"><i>\u201cSinto-me, Doutel, infeliz como brasileiro, longe do conv\u00edvio dos meus amigos e enxotado da minha p\u00e1tria, que procurei servir, quando sou obrigado a tratar de assuntos dessa natureza.<\/i><\/p>\n<p class=\"yiv8787049786MsoNormal\"><i>Sangra-se estar respondendo, ultimamente, a inf\u00e2mias t\u00e3o baratas e t\u00e3o s\u00f3rdidas, quando o meu dever era estar tratando com o l\u00edder do meu partido de outros assuntos de interesse do Brasil&#8230; Devia estar conversando com o l\u00edder do PTB, por escrito, a respeito das recentes informa\u00e7\u00f5es do sr. Tomaz Mann, quando declara \u00e0 imprensa que financiou e estimulou governos estaduais do nosso pa\u00eds a precipitar a queda do governo constitucional&#8230; Devia estar falando do comportamento do nosso Pa\u00eds na recente reuni\u00e3o da OEA (Organiza\u00e7\u00e3o dos Estados Americanos).<\/i><\/p>\n<p class=\"yiv8787049786MsoNormal\"><i>Devia estar pedindo informa\u00e7\u00f5es ao meu l\u00edder acerca das not\u00edcias, tamb\u00e9m divulgadas pela imprensa internacional, de que o Brasil, nos \u00faltimos 3 meses, sofreu um preju\u00edzo na sua exporta\u00e7\u00e3o de caf\u00e9 de mais de 100 milh\u00f5es de d\u00f3lares. Devia falar da Lei de Remessa de Lucros, que j\u00e1 foi revogada, do custo de vida, etc.\u201d<\/i><\/p>\n<!-- AddThis Advanced Settings generic via filter on the_content --><!-- AddThis Share Buttons generic via filter on the_content -->","protected":false},"excerpt":{"rendered":"<p>Documentos s\u00e3o resgatados em homenagem aos 44 anos do falecimento do l\u00edder trabalhista, no ex\u00edlio *Por Bruno Ribeiro \/ FLB-AP O falecimento do ex-presidente da Rep\u00fablica, Jo\u00e3o Goulart (Jango), na Fazenda La Villa, em Mercedes, na Argentina, em pleno ex\u00edlio, foi a conclus\u00e3o da resist\u00eancia de um l\u00edder constitucionalista e democr\u00e1tico brasileiro. O 6 de&#8230;<!-- AddThis Advanced Settings generic via filter on wp_trim_excerpt --><!-- AddThis Share Buttons generic via filter on wp_trim_excerpt --><\/p>\n","protected":false},"author":17,"featured_media":74951,"comment_status":"closed","ping_status":"closed","sticky":false,"template":"","format":"standard","meta":{"_monsterinsights_skip_tracking":false,"_monsterinsights_sitenote_active":false,"_monsterinsights_sitenote_note":"","_monsterinsights_sitenote_category":0,"_uf_show_specific_survey":0,"_uf_disable_surveys":false,"footnotes":""},"categories":[1401,976],"tags":[],"class_list":["post-74950","post","type-post","status-publish","format-standard","has-post-thumbnail","hentry","category-nacional","category-noticias-em-destaque"],"acf":[],"_links":{"self":[{"href":"https:\/\/pdt-rj.org.br\/index.php\/wp-json\/wp\/v2\/posts\/74950","targetHints":{"allow":["GET"]}}],"collection":[{"href":"https:\/\/pdt-rj.org.br\/index.php\/wp-json\/wp\/v2\/posts"}],"about":[{"href":"https:\/\/pdt-rj.org.br\/index.php\/wp-json\/wp\/v2\/types\/post"}],"author":[{"embeddable":true,"href":"https:\/\/pdt-rj.org.br\/index.php\/wp-json\/wp\/v2\/users\/17"}],"replies":[{"embeddable":true,"href":"https:\/\/pdt-rj.org.br\/index.php\/wp-json\/wp\/v2\/comments?post=74950"}],"version-history":[{"count":3,"href":"https:\/\/pdt-rj.org.br\/index.php\/wp-json\/wp\/v2\/posts\/74950\/revisions"}],"predecessor-version":[{"id":74989,"href":"https:\/\/pdt-rj.org.br\/index.php\/wp-json\/wp\/v2\/posts\/74950\/revisions\/74989"}],"wp:featuredmedia":[{"embeddable":true,"href":"https:\/\/pdt-rj.org.br\/index.php\/wp-json\/wp\/v2\/media\/74951"}],"wp:attachment":[{"href":"https:\/\/pdt-rj.org.br\/index.php\/wp-json\/wp\/v2\/media?parent=74950"}],"wp:term":[{"taxonomy":"category","embeddable":true,"href":"https:\/\/pdt-rj.org.br\/index.php\/wp-json\/wp\/v2\/categories?post=74950"},{"taxonomy":"post_tag","embeddable":true,"href":"https:\/\/pdt-rj.org.br\/index.php\/wp-json\/wp\/v2\/tags?post=74950"}],"curies":[{"name":"wp","href":"https:\/\/api.w.org\/{rel}","templated":true}]}}