{"id":74805,"date":"2020-11-26T12:40:21","date_gmt":"2020-11-26T15:40:21","guid":{"rendered":"http:\/\/pdt-rj.org.br\/?p=74805"},"modified":"2020-11-26T15:07:52","modified_gmt":"2020-11-26T18:07:52","slug":"candidatos-fiquem-atentos-aos-prazos-de-prestacao-de-contas","status":"publish","type":"post","link":"https:\/\/pdt-rj.org.br\/index.php\/candidatos-fiquem-atentos-aos-prazos-de-prestacao-de-contas\/","title":{"rendered":"Candidatos: fiquem atentos aos prazos de presta\u00e7\u00e3o de contas"},"content":{"rendered":"<p><em><strong>Resolu\u00e7\u00e3o do TSE define datas para fechamento de campanhas<\/strong><\/em><\/p>\n<p>Passado o primeiro turno e na reta final do segundo turno, a resolu\u00e7\u00e3o do Tribunal Superior Eleitoral (TSE) define as datas para que os candidatos \u2013 vitoriosos ou n\u00e3o \u2013 prestem contas de suas campanhas ao tribunal.<\/p>\n<p>Os candidatos eleitos \u00e0 prefeito e vice-prefeitos, vereadores e at\u00e9 a 3\u00b0 supl\u00eancia t\u00eam at\u00e9 o dia 15 de dezembro para finalizar a presta\u00e7\u00e3o de contas. J\u00e1 os n\u00e3o eleitos, de 7 de janeiro a 8 de mar\u00e7o de 2021.<\/p>\n<p><a href=\"http:\/\/pdt-rj.org.br\/wp-content\/uploads\/2020\/11\/r-23632-Inst-0601818-31-1-1.pdf\">Leia a \u00edntegra da resolu\u00e7\u00e3o<\/a><\/p>\n<p>&nbsp;<\/p>\n<!-- AddThis Advanced Settings generic via filter on the_content --><!-- AddThis Share Buttons generic via filter on the_content -->","protected":false},"excerpt":{"rendered":"<p>Resolu\u00e7\u00e3o do TSE define datas para fechamento de campanhas Passado o primeiro turno e na reta final do segundo turno, a resolu\u00e7\u00e3o do Tribunal Superior Eleitoral (TSE) define as datas para que os candidatos \u2013 vitoriosos ou n\u00e3o \u2013 prestem contas de suas campanhas ao tribunal. Os candidatos eleitos \u00e0 prefeito e vice-prefeitos, vereadores e&#8230;<!-- AddThis Advanced Settings generic via filter on wp_trim_excerpt --><!-- AddThis Share Buttons generic via filter on wp_trim_excerpt --><\/p>\n","protected":false},"author":17,"featured_media":68548,"comment_status":"closed","ping_status":"closed","sticky":false,"template":"","format":"standard","meta":{"_monsterinsights_skip_tracking":false,"_monsterinsights_sitenote_active":false,"_monsterinsights_sitenote_note":"","_monsterinsights_sitenote_category":0,"_uf_show_specific_survey":0,"_uf_disable_surveys":false,"footnotes":""},"categories":[3327,975,1401],"tags":[3336,2555,926],"class_list":["post-74805","post","type-post","status-publish","format-standard","has-post-thumbnail","hentry","category-eleicoes-2020","category-manchete","category-nacional","tag-eleicoes-2020","tag-prestacao-de-contas","tag-tse"],"acf":[],"_links":{"self":[{"href":"https:\/\/pdt-rj.org.br\/index.php\/wp-json\/wp\/v2\/posts\/74805","targetHints":{"allow":["GET"]}}],"collection":[{"href":"https:\/\/pdt-rj.org.br\/index.php\/wp-json\/wp\/v2\/posts"}],"about":[{"href":"https:\/\/pdt-rj.org.br\/index.php\/wp-json\/wp\/v2\/types\/post"}],"author":[{"embeddable":true,"href":"https:\/\/pdt-rj.org.br\/index.php\/wp-json\/wp\/v2\/users\/17"}],"replies":[{"embeddable":true,"href":"https:\/\/pdt-rj.org.br\/index.php\/wp-json\/wp\/v2\/comments?post=74805"}],"version-history":[{"count":5,"href":"https:\/\/pdt-rj.org.br\/index.php\/wp-json\/wp\/v2\/posts\/74805\/revisions"}],"predecessor-version":[{"id":74811,"href":"https:\/\/pdt-rj.org.br\/index.php\/wp-json\/wp\/v2\/posts\/74805\/revisions\/74811"}],"wp:featuredmedia":[{"embeddable":true,"href":"https:\/\/pdt-rj.org.br\/index.php\/wp-json\/wp\/v2\/media\/68548"}],"wp:attachment":[{"href":"https:\/\/pdt-rj.org.br\/index.php\/wp-json\/wp\/v2\/media?parent=74805"}],"wp:term":[{"taxonomy":"category","embeddable":true,"href":"https:\/\/pdt-rj.org.br\/index.php\/wp-json\/wp\/v2\/categories?post=74805"},{"taxonomy":"post_tag","embeddable":true,"href":"https:\/\/pdt-rj.org.br\/index.php\/wp-json\/wp\/v2\/tags?post=74805"}],"curies":[{"name":"wp","href":"https:\/\/api.w.org\/{rel}","templated":true}]}}