{"id":74748,"date":"2020-11-18T15:23:38","date_gmt":"2020-11-18T18:23:38","guid":{"rendered":"http:\/\/pdt-rj.org.br\/?p=74748"},"modified":"2020-11-18T15:24:36","modified_gmt":"2020-11-18T18:24:36","slug":"nota-do-movimento-comunitario-trabalhista-sobre-apoio-partidario-nestas-eleicoes","status":"publish","type":"post","link":"https:\/\/pdt-rj.org.br\/index.php\/nota-do-movimento-comunitario-trabalhista-sobre-apoio-partidario-nestas-eleicoes\/","title":{"rendered":"Nota do Movimento Comunit\u00e1rio Trabalhista sobre apoio partid\u00e1rio nestas elei\u00e7\u00f5es"},"content":{"rendered":"<p>A dire\u00e7\u00e3o nacional do Movimento Comunit\u00e1rio Trabalhista (MCT), vem atrav\u00e9s desta esclarecer \u00e0s dire\u00e7\u00f5es estaduais e municipais deste Movimento que n\u00e3o temos autoridade para negociar, em nome do MCT, apoio a partido A, B ou C, sem antes a Dire\u00e7\u00e3o Nacional, estadual ou municipal e nossos candidatos se manifestarem.<\/p>\n<p>Entendemos que somos um \u00f3rg\u00e3o de coopera\u00e7\u00e3o partid\u00e1ria e n\u00e3o temos autonomia para nos sobrepormos \u00e0s nossas dire\u00e7\u00f5es, mas orientamos as dire\u00e7\u00f5es estaduais e municipais a se posicionarem para o campo da centro-esquerda. Citamos os casos espec\u00edficos de Porto Alegre e S\u00e3o Paulo, onde declaramos apoio a Manuela d\u2019\u00c1vila (PCdoB) e orientamos a aproxima\u00e7\u00e3o com o companheiro Boulos, que nos representa e defende a luta da Reforma Urbana.<\/p>\n<p>&nbsp;<\/p>\n<p style=\"text-align: center;\"><strong>Jordaci Matos<\/strong><br \/>\nPresidente Nacional do MCT<\/p>\n<!-- AddThis Advanced Settings generic via filter on the_content --><!-- AddThis Share Buttons generic via filter on the_content -->","protected":false},"excerpt":{"rendered":"<p>A dire\u00e7\u00e3o nacional do Movimento Comunit\u00e1rio Trabalhista (MCT), vem atrav\u00e9s desta esclarecer \u00e0s dire\u00e7\u00f5es estaduais e municipais deste Movimento que n\u00e3o temos autoridade para negociar, em nome do MCT, apoio a partido A, B ou C, sem antes a Dire\u00e7\u00e3o Nacional, estadual ou municipal e nossos candidatos se manifestarem. Entendemos que somos um \u00f3rg\u00e3o de&#8230;<!-- AddThis Advanced Settings generic via filter on wp_trim_excerpt --><!-- AddThis Share Buttons generic via filter on wp_trim_excerpt --><\/p>\n","protected":false},"author":17,"featured_media":66262,"comment_status":"closed","ping_status":"closed","sticky":false,"template":"","format":"standard","meta":{"_monsterinsights_skip_tracking":false,"_monsterinsights_sitenote_active":false,"_monsterinsights_sitenote_note":"","_monsterinsights_sitenote_category":0,"_uf_show_specific_survey":0,"_uf_disable_surveys":false,"footnotes":""},"categories":[1390,3327,2605,1397],"tags":[2601,2592,2577],"class_list":["post-74748","post","type-post","status-publish","format-standard","has-post-thumbnail","hentry","category-editorias","category-eleicoes-2020","category-movimento-comunitario-trabalhista","category-movimentos","tag-jordaci-matos","tag-mct","tag-movimento-comunitario-trabalhista"],"acf":[],"_links":{"self":[{"href":"https:\/\/pdt-rj.org.br\/index.php\/wp-json\/wp\/v2\/posts\/74748","targetHints":{"allow":["GET"]}}],"collection":[{"href":"https:\/\/pdt-rj.org.br\/index.php\/wp-json\/wp\/v2\/posts"}],"about":[{"href":"https:\/\/pdt-rj.org.br\/index.php\/wp-json\/wp\/v2\/types\/post"}],"author":[{"embeddable":true,"href":"https:\/\/pdt-rj.org.br\/index.php\/wp-json\/wp\/v2\/users\/17"}],"replies":[{"embeddable":true,"href":"https:\/\/pdt-rj.org.br\/index.php\/wp-json\/wp\/v2\/comments?post=74748"}],"version-history":[{"count":3,"href":"https:\/\/pdt-rj.org.br\/index.php\/wp-json\/wp\/v2\/posts\/74748\/revisions"}],"predecessor-version":[{"id":74751,"href":"https:\/\/pdt-rj.org.br\/index.php\/wp-json\/wp\/v2\/posts\/74748\/revisions\/74751"}],"wp:featuredmedia":[{"embeddable":true,"href":"https:\/\/pdt-rj.org.br\/index.php\/wp-json\/wp\/v2\/media\/66262"}],"wp:attachment":[{"href":"https:\/\/pdt-rj.org.br\/index.php\/wp-json\/wp\/v2\/media?parent=74748"}],"wp:term":[{"taxonomy":"category","embeddable":true,"href":"https:\/\/pdt-rj.org.br\/index.php\/wp-json\/wp\/v2\/categories?post=74748"},{"taxonomy":"post_tag","embeddable":true,"href":"https:\/\/pdt-rj.org.br\/index.php\/wp-json\/wp\/v2\/tags?post=74748"}],"curies":[{"name":"wp","href":"https:\/\/api.w.org\/{rel}","templated":true}]}}