{"id":74685,"date":"2020-11-17T12:05:33","date_gmt":"2020-11-17T15:05:33","guid":{"rendered":"http:\/\/pdt-rj.org.br\/?p=74685"},"modified":"2020-11-20T17:08:46","modified_gmt":"2020-11-20T20:08:46","slug":"jose-bonifacio-comemora-retorno-a-prefeitura-de-cabo-frio-rj","status":"publish","type":"post","link":"https:\/\/pdt-rj.org.br\/index.php\/jose-bonifacio-comemora-retorno-a-prefeitura-de-cabo-frio-rj\/","title":{"rendered":"Jos\u00e9 Bonif\u00e1cio comemora retorno \u00e0 Prefeitura de Cabo Frio (RJ)"},"content":{"rendered":"<p>Jos\u00e9 Bonif\u00e1cio (PDT) foi eleito, neste domingo (15), prefeito de Cabo Frio, na Regi\u00e3o dos Lagos do Rio, para os pr\u00f3ximos quatro anos. Ao fim da apura\u00e7\u00e3o, Jos\u00e9 Bonif\u00e1cio teve 44,45% dos votos. Foram 44.947 votos no total. A vice \u00e9 Magdala de Tamoios (Podemos).<\/p>\n<div class=\"mc-column content-text active-extra-styles \" data-block-type=\"unstyled\" data-block-weight=\"15\" data-block-id=\"4\">\n<p class=\"content-text__container \" data-track-category=\"Link no Texto\" data-track-links=\"\">A elei\u00e7\u00e3o em Cabo Frio teve 3,05% de votos brancos, 5,81% de votos nulos e 26,39% de absten\u00e7\u00f5es.<\/p>\n<\/div>\n<div class=\"mc-column content-text active-extra-styles \" data-block-type=\"unstyled\" data-block-weight=\"49\" data-block-id=\"6\">\n<p class=\"content-text__container \" data-track-category=\"Link no Texto\" data-track-links=\"\">Jos\u00e9 Bonif\u00e1cio tem 75 anos e \u00e9 economista. Ele \u00e9 ex-presidente do Procon no Rio de Janeiro e foi prefeito de Cabo Frio por duas vezes, entre 1977 e 1983, e entre 1993 e 1996. Ele tamb\u00e9m foi deputado estadual pelo Rio de Janeiro.<\/p>\n<\/div>\n<div class=\"mc-column content-text active-extra-styles \" data-block-type=\"unstyled\" data-block-weight=\"12\" data-block-id=\"7\">\n<p class=\"content-text__container \" data-track-category=\"Link no Texto\" data-track-links=\"\">&#8220;Eu quero aproveitar esse momento para agradecer a todos, da pr\u00e9-campanha \u00e0 campanha, aos \u00faltimos dias, ao dia de hoje. Essa campanha bel\u00edssima. E isso n\u00f3s s\u00f3 podemos fazer junto com toda a popula\u00e7\u00e3o de Cabo Frio. Parabenizar a todos os outros candidatos que disputaram e que engrandeceram a democracia. E vamos governar pensando, principalmente, naqueles que mais precisam do poder p\u00fablico&#8221;, disse Jos\u00e9 Bonif\u00e1cio.<\/p>\n<\/div>\n<div class=\"content-ads content-ads--reveal\" data-block-type=\"ads\" data-block-id=\"9\">\n<div id=\"banner_materia2\" class=\"tag-manager-publicidade-container mc-has-reveal mc-has-ad-lazyload tag-manager-publicidade-banner_materia2 tag-manager-publicidade-container--carregado tag-manager-publicidade-container--visivel\" data-id=\"banner_materia2\" data-google-query-id=\"COKTouLkie0CFaACuQYdYvsIiw\" data-cid=\"138306123313\" data-lid=\"5323363349\"><\/div>\n<\/div>\n<!-- AddThis Advanced Settings generic via filter on the_content --><!-- AddThis Share Buttons generic via filter on the_content -->","protected":false},"excerpt":{"rendered":"<p>Jos\u00e9 Bonif\u00e1cio (PDT) foi eleito, neste domingo (15), prefeito de Cabo Frio, na Regi\u00e3o dos Lagos do Rio, para os pr\u00f3ximos quatro anos. Ao fim da apura\u00e7\u00e3o, Jos\u00e9 Bonif\u00e1cio teve 44,45% dos votos. Foram 44.947 votos no total. A vice \u00e9 Magdala de Tamoios (Podemos). A elei\u00e7\u00e3o em Cabo Frio teve 3,05% de votos brancos,&#8230;<!-- AddThis Advanced Settings generic via filter on wp_trim_excerpt --><!-- AddThis Share Buttons generic via filter on wp_trim_excerpt --><\/p>\n","protected":false},"author":17,"featured_media":74692,"comment_status":"closed","ping_status":"closed","sticky":false,"template":"","format":"standard","meta":{"_monsterinsights_skip_tracking":false,"_monsterinsights_sitenote_active":false,"_monsterinsights_sitenote_note":"","_monsterinsights_sitenote_category":0,"_uf_show_specific_survey":0,"_uf_disable_surveys":false,"footnotes":""},"categories":[1390],"tags":[4129,3068,38],"class_list":["post-74685","post","type-post","status-publish","format-standard","has-post-thumbnail","hentry","category-editorias","tag-cabo-frio-rj","tag-jose-bonifacio","tag-pdt"],"acf":[],"_links":{"self":[{"href":"https:\/\/pdt-rj.org.br\/index.php\/wp-json\/wp\/v2\/posts\/74685","targetHints":{"allow":["GET"]}}],"collection":[{"href":"https:\/\/pdt-rj.org.br\/index.php\/wp-json\/wp\/v2\/posts"}],"about":[{"href":"https:\/\/pdt-rj.org.br\/index.php\/wp-json\/wp\/v2\/types\/post"}],"author":[{"embeddable":true,"href":"https:\/\/pdt-rj.org.br\/index.php\/wp-json\/wp\/v2\/users\/17"}],"replies":[{"embeddable":true,"href":"https:\/\/pdt-rj.org.br\/index.php\/wp-json\/wp\/v2\/comments?post=74685"}],"version-history":[{"count":2,"href":"https:\/\/pdt-rj.org.br\/index.php\/wp-json\/wp\/v2\/posts\/74685\/revisions"}],"predecessor-version":[{"id":74723,"href":"https:\/\/pdt-rj.org.br\/index.php\/wp-json\/wp\/v2\/posts\/74685\/revisions\/74723"}],"wp:featuredmedia":[{"embeddable":true,"href":"https:\/\/pdt-rj.org.br\/index.php\/wp-json\/wp\/v2\/media\/74692"}],"wp:attachment":[{"href":"https:\/\/pdt-rj.org.br\/index.php\/wp-json\/wp\/v2\/media?parent=74685"}],"wp:term":[{"taxonomy":"category","embeddable":true,"href":"https:\/\/pdt-rj.org.br\/index.php\/wp-json\/wp\/v2\/categories?post=74685"},{"taxonomy":"post_tag","embeddable":true,"href":"https:\/\/pdt-rj.org.br\/index.php\/wp-json\/wp\/v2\/tags?post=74685"}],"curies":[{"name":"wp","href":"https:\/\/api.w.org\/{rel}","templated":true}]}}