{"id":74634,"date":"2020-11-13T19:49:50","date_gmt":"2020-11-13T22:49:50","guid":{"rendered":"http:\/\/pdt-rj.org.br\/?p=74634"},"modified":"2020-11-13T19:50:32","modified_gmt":"2020-11-13T22:50:32","slug":"jose-bonifacio-lidera-disputa-pela-prefeitura-de-cabo-frio-e-leva-10-mil-apoiadores-a-orla","status":"publish","type":"post","link":"https:\/\/pdt-rj.org.br\/index.php\/jose-bonifacio-lidera-disputa-pela-prefeitura-de-cabo-frio-e-leva-10-mil-apoiadores-a-orla\/","title":{"rendered":"Jos\u00e9 Bonif\u00e1cio lidera disputa pela Prefeitura de Cabo Frio e leva 10 mil apoiadores \u00e0 orla"},"content":{"rendered":"<p>Nesta sexta-feira (13), feriado em alus\u00e3o ao anivers\u00e1rio de funda\u00e7\u00e3o de\u00a0 Cabo Frio \u2013 a 7\u00aa cidade mais antiga do Brasil \u2013 o candidato do PDT a prefeito, Jos\u00e9 Bonif\u00e1cio Novelino, levou 10 mil apoiadores \u00e0 orla, na praia do Forte, em uma grande manifesta\u00e7\u00e3o de apoio \u00e0 sua candidatura.<\/p>\n<p>O ex-prefeito mostrou que v\u00e1rios segmentos sociais o acompanham, dividindo o p\u00fablico por diversas alas: juventude, mulheres, evang\u00e9licos, cat\u00f3licos, cultura, al\u00e9m dos grupos de apoio dos vereadores e partidos. Bonif\u00e1cio fez quest\u00e3o de visitar cada ala antes e, durante o ato, realizando o percurso a p\u00e9 e com um bugre. N\u00e3o saiu de perto de seus apoiadores. Tais fatos demonstraram que Bonif\u00e1cio \u00e9, sem sombra de d\u00favidas, um fen\u00f4meno pol\u00edtico na cidade.<\/p>\n<p>Tamb\u00e9m esta semana, na ter\u00e7a, pesquisa divulgada em Cabo Frio mostrou que Bonif\u00e1cio continua na lideran\u00e7a e aumentou a dist\u00e2ncia para o segundo colocado. Em mais uma pesquisa de inten\u00e7\u00f5es de voto registrada pelo Instituto Orbis e divulgada nesta reta final das elei\u00e7\u00f5es, divulgada na \u00faltima ter\u00e7a-feira (10), Bonif\u00e1cio teve 32,9% das inten\u00e7\u00f5es de voto na espont\u00e2nea contra 18,9% do segundo colocado, Dr. Serginho (Republicanos).<\/p>\n<p>A pesquisa foi realizada entre os dias 4 e 7 de novembro, com 1.026 entrevistados em diversos bairros da cidade. O grau de confian\u00e7a \u00e9 de 95%, e a margem de erro \u00e9 de 3,1%. O levantamento est\u00e1 registrado no Tribunal Superior Eleitoral (TSE) sob o protocolo RJ-00555\/2020.<\/p>\n<p>Este foi o segundo levantamento feito pelo Instituto Orbis em Cabo Frio nesta campanha eleitoral. Em rela\u00e7\u00e3o \u00e0 pesquisa anterior, realizada de 10 a 14 de setembro, Jos\u00e9 Bonif\u00e1cio subiu 17 pontos percentuais, dobrando a margem de diferen\u00e7a para o segundo colocado e se consolidando na lideran\u00e7a isolada.<\/p>\n<p>A consolida\u00e7\u00e3o do voto em Bonif\u00e1cio \u00e9 observada pelo grau de certeza dos entrevistados, que \u00e9 de 89%. Chama aten\u00e7\u00e3o tamb\u00e9m no levantamento a grande vantagem de Bonif\u00e1cio no voto feminino. O candidato tem 15% a mais de inten\u00e7\u00f5es de votos de mulheres do que o segundo colocado.<\/p>\n<p>\u201cA nossa onda do amor est\u00e1 crescendo a cada dia. Sinto o carinho dos eleitores nas ruas e estamos preparados para recuperar a cidade. Vamos seguir percorrendo a cidade e fazendo propostas. Temos uma miss\u00e3o muito importante neste domingo. Por isso, aqui na nossa campanha n\u00e3o tem vez para o \u00f3dio e para as fake news. Vamos em frente. Cabo Frio vai nos dar orgulho novamente\u201d, disse Bonif\u00e1cio ao tomar conhecimento dos n\u00fameros da nova pesquisa.<\/p>\n<p>O resultado da pesquisa espont\u00e2nea \u00e9 o seguinte: Jos\u00e9 Bonif\u00e1cio (PDT) \u2013 32,9%; Dr. Serginho (Republicanos) \u2013 18,9%; Marquinho (MDB) \u2013 7,6%; Capit\u00e3o Diogo (PSDB) \u2013 3,5%; Rodrigo Gurgel (PSL) \u2013 2,2%; e Dr. Adriano (DEM) \u2013 1,5%.<\/p>\n<!-- AddThis Advanced Settings generic via filter on the_content --><!-- AddThis Share Buttons generic via filter on the_content -->","protected":false},"excerpt":{"rendered":"<p>Nesta sexta-feira (13), feriado em alus\u00e3o ao anivers\u00e1rio de funda\u00e7\u00e3o de\u00a0 Cabo Frio \u2013 a 7\u00aa cidade mais antiga do Brasil \u2013 o candidato do PDT a prefeito, Jos\u00e9 Bonif\u00e1cio Novelino, levou 10 mil apoiadores \u00e0 orla, na praia do Forte, em uma grande manifesta\u00e7\u00e3o de apoio \u00e0 sua candidatura. O ex-prefeito mostrou que v\u00e1rios&#8230;<!-- AddThis Advanced Settings generic via filter on wp_trim_excerpt --><!-- AddThis Share Buttons generic via filter on wp_trim_excerpt --><\/p>\n","protected":false},"author":17,"featured_media":74635,"comment_status":"closed","ping_status":"closed","sticky":false,"template":"","format":"standard","meta":{"_monsterinsights_skip_tracking":false,"_monsterinsights_sitenote_active":false,"_monsterinsights_sitenote_note":"","_monsterinsights_sitenote_category":0,"_uf_show_specific_survey":0,"_uf_disable_surveys":false,"footnotes":""},"categories":[1390],"tags":[4129,3068],"class_list":["post-74634","post","type-post","status-publish","format-standard","has-post-thumbnail","hentry","category-editorias","tag-cabo-frio-rj","tag-jose-bonifacio"],"acf":[],"_links":{"self":[{"href":"https:\/\/pdt-rj.org.br\/index.php\/wp-json\/wp\/v2\/posts\/74634","targetHints":{"allow":["GET"]}}],"collection":[{"href":"https:\/\/pdt-rj.org.br\/index.php\/wp-json\/wp\/v2\/posts"}],"about":[{"href":"https:\/\/pdt-rj.org.br\/index.php\/wp-json\/wp\/v2\/types\/post"}],"author":[{"embeddable":true,"href":"https:\/\/pdt-rj.org.br\/index.php\/wp-json\/wp\/v2\/users\/17"}],"replies":[{"embeddable":true,"href":"https:\/\/pdt-rj.org.br\/index.php\/wp-json\/wp\/v2\/comments?post=74634"}],"version-history":[{"count":2,"href":"https:\/\/pdt-rj.org.br\/index.php\/wp-json\/wp\/v2\/posts\/74634\/revisions"}],"predecessor-version":[{"id":74637,"href":"https:\/\/pdt-rj.org.br\/index.php\/wp-json\/wp\/v2\/posts\/74634\/revisions\/74637"}],"wp:featuredmedia":[{"embeddable":true,"href":"https:\/\/pdt-rj.org.br\/index.php\/wp-json\/wp\/v2\/media\/74635"}],"wp:attachment":[{"href":"https:\/\/pdt-rj.org.br\/index.php\/wp-json\/wp\/v2\/media?parent=74634"}],"wp:term":[{"taxonomy":"category","embeddable":true,"href":"https:\/\/pdt-rj.org.br\/index.php\/wp-json\/wp\/v2\/categories?post=74634"},{"taxonomy":"post_tag","embeddable":true,"href":"https:\/\/pdt-rj.org.br\/index.php\/wp-json\/wp\/v2\/tags?post=74634"}],"curies":[{"name":"wp","href":"https:\/\/api.w.org\/{rel}","templated":true}]}}