{"id":74629,"date":"2020-11-13T15:34:21","date_gmt":"2020-11-13T18:34:21","guid":{"rendered":"http:\/\/pdt-rj.org.br\/?p=74629"},"modified":"2020-11-28T20:28:10","modified_gmt":"2020-11-28T23:28:10","slug":"risco-de-hiperinflacao-ciro-avisou","status":"publish","type":"post","link":"https:\/\/pdt-rj.org.br\/index.php\/risco-de-hiperinflacao-ciro-avisou\/","title":{"rendered":"Risco de hiperinfla\u00e7\u00e3o? Ciro avisou!"},"content":{"rendered":"<h3><em>Em entrevista, Datena relembra previs\u00e3o do pedetista para a economia confirmada pelo governo nesta semana<\/em><\/h3>\n<p>&nbsp;<\/p>\n<p>Ciro avisou. O termo j\u00e1 se tornou at\u00e9 <em>hashtag<\/em> e ilustra perfeitamente as an\u00e1lises quase que prof\u00e9ticas do vice-presidente nacional do PDT, Ciro Gomes. A \u00faltima, confirmada pelo ministro Paulo Guedes nesta semana com o an\u00fancio de uma poss\u00edvel hiperinfla\u00e7\u00e3o, foi exposta por Jos\u00e9 Luiz Datena na manh\u00e3 de ontem (12), durante entrevista com o pedetista.<\/p>\n<p>\u201cO quadro \u00e9 tr\u00e1gico. O Brasil vai terminar esse ano com 930 bilh\u00f5es de reais de d\u00e9ficit [&#8230;] Na pr\u00e1tica, a d\u00edvida p\u00fablica vai se aproximar pela primeira vez de 100% do PIB [&#8230;] O que n\u00f3s estamos anunciando a\u00ed \u00e9 uma press\u00e3o de infla\u00e7\u00e3o que ningu\u00e9m quer ver\u201d, dizia Ciro em trecho de entrevista realizada em agosto e reprisada por Datena no programa da R\u00e1dio Bandeirantes.<\/p>\n<p>O jornalista de S\u00e3o Paulo reavivou a declara\u00e7\u00e3o de Ciro para confirm\u00e1-la com trecho de not\u00edcia do Estado de S\u00e3o Paulo que leu ao vivo, em seguida: \u201cA\u00ed vem Paulo Guedes e diz assim: Brasil pode ir para hiperinfla\u00e7\u00e3o se n\u00e3o rolar a d\u00edvida satisfatoriamente [&#8230;] O que voc\u00ea falou l\u00e1 atr\u00e1s est\u00e1 acontecendo\u201d, disse Datena a Ciro.<\/p>\n<p>De fato est\u00e1. Not\u00edcia de quarta-feira do Correio Braziliense diz: \u201cMinistro da Economia volta a prometer venda de estatais e diz que o Brasil pode reviver uma situa\u00e7\u00e3o de infla\u00e7\u00e3o descontrolada, como nos anos 1980, se n\u00e3o conseguir continuar refinanciando a d\u00edvida p\u00fablica, que j\u00e1 alcan\u00e7a quase 100% do PIB\u201d.<\/p>\n<p>N\u00e3o se trata de adivinha\u00e7\u00e3o. Como o pr\u00f3prio Ciro afirma, isso \u00e9 fruto de muita experi\u00eancia, de um largo estudo acerca das quest\u00f5es pol\u00edticas, sociais e econ\u00f4micas do pa\u00eds. O pedetista \u2013 que j\u00e1 foi prefeito, governador, deputado e ministro de Estado \u2013 lan\u00e7ou, este ano, o livro \u201cBrasil: o dever da esperan\u00e7a\u201d, que condensa sua bagagem na vida p\u00fablica entre an\u00e1lise do cen\u00e1rio e as alternativas para a retomada do crescimento nacional.<\/p>\n<p>Na entrevista com Datena, Ciro falou de outras quest\u00f5es al\u00e9m da trag\u00e9dia econ\u00f4mica brasileira. Um ponto bem investigado pelo jornalista diz respeito \u00e0s elei\u00e7\u00f5es presidenciais de 2022. Ciro falou sobre a possibilidade de uma frente ampla; articula\u00e7\u00f5es entre S\u00e9rgio Moro e Luciano Huck; e a reaproxima\u00e7\u00e3o entre ele e Lula. O l\u00edder pedetista tamb\u00e9m abordou as elei\u00e7\u00f5es municipais do pr\u00f3ximo domingo.<\/p>\n<p>Confira entrevista completa abaixo.<\/p>\n<p><iframe loading=\"lazy\" src=\"\/\/www.youtube.com\/embed\/ASler4iJZnI\" width=\"956\" height=\"538\" frameborder=\"0\" allowfullscreen=\"allowfullscreen\"><\/iframe><\/p>\n<!-- AddThis Advanced Settings generic via filter on the_content --><!-- AddThis Share Buttons generic via filter on the_content -->","protected":false},"excerpt":{"rendered":"<p>Em entrevista, Datena relembra previs\u00e3o do pedetista para a economia confirmada pelo governo nesta semana &nbsp; Ciro avisou. O termo j\u00e1 se tornou at\u00e9 hashtag e ilustra perfeitamente as an\u00e1lises quase que prof\u00e9ticas do vice-presidente nacional do PDT, Ciro Gomes. A \u00faltima, confirmada pelo ministro Paulo Guedes nesta semana com o an\u00fancio de uma poss\u00edvel&#8230;<!-- AddThis Advanced Settings generic via filter on wp_trim_excerpt --><!-- AddThis Share Buttons generic via filter on wp_trim_excerpt --><\/p>\n","protected":false},"author":17,"featured_media":74630,"comment_status":"closed","ping_status":"closed","sticky":false,"template":"","format":"standard","meta":{"_monsterinsights_skip_tracking":false,"_monsterinsights_sitenote_active":false,"_monsterinsights_sitenote_note":"","_monsterinsights_sitenote_category":0,"_uf_show_specific_survey":0,"_uf_disable_surveys":false,"footnotes":""},"categories":[1390,975,1401,976],"tags":[],"class_list":["post-74629","post","type-post","status-publish","format-standard","has-post-thumbnail","hentry","category-editorias","category-manchete","category-nacional","category-noticias-em-destaque"],"acf":[],"_links":{"self":[{"href":"https:\/\/pdt-rj.org.br\/index.php\/wp-json\/wp\/v2\/posts\/74629","targetHints":{"allow":["GET"]}}],"collection":[{"href":"https:\/\/pdt-rj.org.br\/index.php\/wp-json\/wp\/v2\/posts"}],"about":[{"href":"https:\/\/pdt-rj.org.br\/index.php\/wp-json\/wp\/v2\/types\/post"}],"author":[{"embeddable":true,"href":"https:\/\/pdt-rj.org.br\/index.php\/wp-json\/wp\/v2\/users\/17"}],"replies":[{"embeddable":true,"href":"https:\/\/pdt-rj.org.br\/index.php\/wp-json\/wp\/v2\/comments?post=74629"}],"version-history":[{"count":5,"href":"https:\/\/pdt-rj.org.br\/index.php\/wp-json\/wp\/v2\/posts\/74629\/revisions"}],"predecessor-version":[{"id":74852,"href":"https:\/\/pdt-rj.org.br\/index.php\/wp-json\/wp\/v2\/posts\/74629\/revisions\/74852"}],"wp:featuredmedia":[{"embeddable":true,"href":"https:\/\/pdt-rj.org.br\/index.php\/wp-json\/wp\/v2\/media\/74630"}],"wp:attachment":[{"href":"https:\/\/pdt-rj.org.br\/index.php\/wp-json\/wp\/v2\/media?parent=74629"}],"wp:term":[{"taxonomy":"category","embeddable":true,"href":"https:\/\/pdt-rj.org.br\/index.php\/wp-json\/wp\/v2\/categories?post=74629"},{"taxonomy":"post_tag","embeddable":true,"href":"https:\/\/pdt-rj.org.br\/index.php\/wp-json\/wp\/v2\/tags?post=74629"}],"curies":[{"name":"wp","href":"https:\/\/api.w.org\/{rel}","templated":true}]}}