{"id":74493,"date":"2020-11-07T17:50:08","date_gmt":"2020-11-07T20:50:08","guid":{"rendered":"http:\/\/pdt-rj.org.br\/?p=74493"},"modified":"2020-11-11T16:51:39","modified_gmt":"2020-11-11T19:51:39","slug":"mais-autonomia-aos-municipios","status":"publish","type":"post","link":"https:\/\/pdt-rj.org.br\/index.php\/mais-autonomia-aos-municipios\/","title":{"rendered":"Mais autonomia aos munic\u00edpios"},"content":{"rendered":"<h3><em>Pacto Federativo e reelei\u00e7\u00e3o de Edvaldo Nogueira em Aracaju foram os assuntos do \u201cCaf\u00e9 com Lupi\u201d<\/em><\/h3>\n<p>&nbsp;<\/p>\n<p>O prefeito Edvaldo Nogueira, candidato a reelei\u00e7\u00e3o em Aracaju (SE) pelo PDT, foi o convidado do \u201cCaf\u00e9 com Lupi\u201d deste s\u00e1bado (7). O pedetista \u00e9 bastante conhecido pelo povo do munic\u00edpio, est\u00e1 no terceiro mandato \u00e0 frente da prefeitura aracajuana e ocupa o primeiro lugar nas pesquisas de inten\u00e7\u00e3o de voto. Na conversa com Lupi, Edvaldo levantou uma quest\u00e3o n\u00e3o muito debatida nessas elei\u00e7\u00f5es: a participa\u00e7\u00e3o das cidades na constru\u00e7\u00e3o da pol\u00edtica econ\u00f4mica.<\/p>\n<p>Edvaldo Nogueira \u00e9 um militante convicto. Foi estudante de medicina por quatro anos, at\u00e9 abandonar o curso para se dedicar exclusivamente \u00e0 pol\u00edtica, no in\u00edcio dos anos 1980. Ap\u00f3s 39 anos no PCdoB, se desligou da legenda para ocupar os quadros do PDT. A mudan\u00e7a de partido foi uma decis\u00e3o tomada em virtude de afinidades ideol\u00f3gicas.<\/p>\n<p>\u201cO PDT \u00e9 o partido que, em minha opini\u00e3o, tem o projeto mais vi\u00e1vel, mais exeq\u00fc\u00edvel, porque n\u00f3s temos que apresentar aquilo que \u00e9 poss\u00edvel realizar, o sonho realiz\u00e1vel [&#8230;] Ent\u00e3o optei pelo PDT porque considero que \u00e9 um partido que tem uma vis\u00e3o muito importante do Brasil, do desenvolvimento, que privilegia o sentido da igualdade entre os trabalhadores, de ascens\u00e3o social, de diminui\u00e7\u00e3o de desigualdades\u201d, afirmou Edvaldo.<\/p>\n<p>Ainda nos primeiros minutos de programa, quando questionado pelo presidente nacional do PDT, Carlos Lupi, sobre os principais desafios em uma reelei\u00e7\u00e3o, Edvaldo falou da necessidade de tornar as cidades protagonistas do desenvolvimento econ\u00f4mico. Atualmente, o debate acerca das diretrizes econ\u00f4micas acontece entre estados e a Uni\u00e3o, ficando os munic\u00edpios \u00e0 margem, \u201ccorrendo atr\u00e1s do preju\u00edzo\u201d, como definiu o prefeito.<\/p>\n<p>\u201cEu quero, nesse mandato agora, que a cidade de Aracaju \u2013 uma locomotiva do estado \u2013 discuta seu futuro econ\u00f4mico, sua voca\u00e7\u00e3o e, principalmente, que a gente possa captar, para as cidades, a economia 4.0, porque ela \u00e9 o futuro, \u00e9 ela quem vai gerar emprego de qualidade e impulsionar o desenvolvimento das cidades. Temos que avan\u00e7ar nisso\u201d, disse Edvaldo.<\/p>\n<p>Lupi defendeu que o Pacto Federativo, pela forma como distribui recursos, d\u00e1 muito poder a Uni\u00e3o e engessa a capacidade dos munic\u00edpios. \u201cO nome cidadania come\u00e7a assim porque se exerce na cidade. [&#8230;] O governo federal fica como se fosse um senhor feudal: d\u00e1 [recurso] pros amigos, distribui como quer, muitas vezes sem crit\u00e9rio. Por isso, quero reunir os prefeitos do PDT e buscar uma sa\u00edda para o Pacto Federativo\u201d, afirmou o presidente pedetista.<\/p>\n<p>Confira abaixo a \u00edntegra do \u201cCaf\u00e9 com Lupi\u201d.<\/p>\n<p><iframe loading=\"lazy\" src=\"\/\/www.youtube.com\/embed\/S6Yk7DD72p8\" width=\"956\" height=\"538\" frameborder=\"0\" allowfullscreen=\"allowfullscreen\"><\/iframe><\/p>\n<!-- AddThis Advanced Settings generic via filter on the_content --><!-- AddThis Share Buttons generic via filter on the_content -->","protected":false},"excerpt":{"rendered":"<p>Pacto Federativo e reelei\u00e7\u00e3o de Edvaldo Nogueira em Aracaju foram os assuntos do \u201cCaf\u00e9 com Lupi\u201d &nbsp; O prefeito Edvaldo Nogueira, candidato a reelei\u00e7\u00e3o em Aracaju (SE) pelo PDT, foi o convidado do \u201cCaf\u00e9 com Lupi\u201d deste s\u00e1bado (7). O pedetista \u00e9 bastante conhecido pelo povo do munic\u00edpio, est\u00e1 no terceiro mandato \u00e0 frente da&#8230;<!-- AddThis Advanced Settings generic via filter on wp_trim_excerpt --><!-- AddThis Share Buttons generic via filter on wp_trim_excerpt --><\/p>\n","protected":false},"author":17,"featured_media":74494,"comment_status":"closed","ping_status":"closed","sticky":false,"template":"","format":"standard","meta":{"_monsterinsights_skip_tracking":false,"_monsterinsights_sitenote_active":false,"_monsterinsights_sitenote_note":"","_monsterinsights_sitenote_category":0,"_uf_show_specific_survey":0,"_uf_disable_surveys":false,"footnotes":""},"categories":[1390,3327,975,1401,976],"tags":[],"class_list":["post-74493","post","type-post","status-publish","format-standard","has-post-thumbnail","hentry","category-editorias","category-eleicoes-2020","category-manchete","category-nacional","category-noticias-em-destaque"],"acf":[],"_links":{"self":[{"href":"https:\/\/pdt-rj.org.br\/index.php\/wp-json\/wp\/v2\/posts\/74493","targetHints":{"allow":["GET"]}}],"collection":[{"href":"https:\/\/pdt-rj.org.br\/index.php\/wp-json\/wp\/v2\/posts"}],"about":[{"href":"https:\/\/pdt-rj.org.br\/index.php\/wp-json\/wp\/v2\/types\/post"}],"author":[{"embeddable":true,"href":"https:\/\/pdt-rj.org.br\/index.php\/wp-json\/wp\/v2\/users\/17"}],"replies":[{"embeddable":true,"href":"https:\/\/pdt-rj.org.br\/index.php\/wp-json\/wp\/v2\/comments?post=74493"}],"version-history":[{"count":6,"href":"https:\/\/pdt-rj.org.br\/index.php\/wp-json\/wp\/v2\/posts\/74493\/revisions"}],"predecessor-version":[{"id":74546,"href":"https:\/\/pdt-rj.org.br\/index.php\/wp-json\/wp\/v2\/posts\/74493\/revisions\/74546"}],"wp:featuredmedia":[{"embeddable":true,"href":"https:\/\/pdt-rj.org.br\/index.php\/wp-json\/wp\/v2\/media\/74494"}],"wp:attachment":[{"href":"https:\/\/pdt-rj.org.br\/index.php\/wp-json\/wp\/v2\/media?parent=74493"}],"wp:term":[{"taxonomy":"category","embeddable":true,"href":"https:\/\/pdt-rj.org.br\/index.php\/wp-json\/wp\/v2\/categories?post=74493"},{"taxonomy":"post_tag","embeddable":true,"href":"https:\/\/pdt-rj.org.br\/index.php\/wp-json\/wp\/v2\/tags?post=74493"}],"curies":[{"name":"wp","href":"https:\/\/api.w.org\/{rel}","templated":true}]}}