{"id":74490,"date":"2020-11-06T21:36:05","date_gmt":"2020-11-07T00:36:05","guid":{"rendered":"http:\/\/pdt-rj.org.br\/?p=74490"},"modified":"2020-11-11T13:55:17","modified_gmt":"2020-11-11T16:55:17","slug":"axel-grael-renda-basica-ate-a-chegada-da-vacina","status":"publish","type":"post","link":"https:\/\/pdt-rj.org.br\/index.php\/axel-grael-renda-basica-ate-a-chegada-da-vacina\/","title":{"rendered":"Axel Grael: Renda B\u00e1sica at\u00e9 a chegada da vacina"},"content":{"rendered":"<p><em><strong>Medida pretende dar mais seguran\u00e7a para que as fam\u00edlias mantenham o isolamento<\/strong><\/em><\/p>\n<p>O candidato a prefeito de Niter\u00f3i Axel Grael (PDT), da coliga\u00e7\u00e3o Uni\u00e3o por Niter\u00f3i, se eleito, vai estender o Programa Renda B\u00e1sica at\u00e9 a chegada de uma vacina contra o novo coronav\u00edrus. A medida visa mitigar os impactos sociais da pandemia e contribuir com o sustento de milhares de fam\u00edlias niteroienses durante esse per\u00edodo de crise sanit\u00e1ria, econ\u00f4mica e social. A amplia\u00e7\u00e3o do benef\u00edcio ser\u00e1 uma das primeiras a\u00e7\u00f5es de Grael, candidato que tem apoio do prefeito Rodrigo Neves.<\/p>\n<p>Nos \u00faltimos meses, a pandemia da Covid-19 estabeleceu uma crise sem precedentes e imp\u00f4s medidas de isolamento social para conter a dissemina\u00e7\u00e3o do v\u00edrus, provocando danos inevit\u00e1veis na economia mundial. Para conter o colapso econ\u00f4mico, a Prefeitura de Niter\u00f3i criou programas de aux\u00edlio \u00e0 popula\u00e7\u00e3o. O Renda B\u00e1sica foi uma das a\u00e7\u00f5es criadas e coordenadas por Grael enquanto atuava como secret\u00e1rio de Planejamento.<\/p>\n<p>&#8220;Tenho andado pela cidade e ouvido de muitas pessoas como o Renda B\u00e1sica tem sido importante para que as pessoas tenham a possibilidade de manter o isolamento com seguran\u00e7a e, ao mesmo tempo, garantir o direito de comprar alimentos e medicamentos nesse momento desafiador. O prefeito Rodrigo Neves j\u00e1 havia prorrogado o pagamento at\u00e9 dezembro deste ano, e \u00e9 meu compromisso estender esse benef\u00edcio at\u00e9 a chegada de uma vacina. N\u00e3o deixaremos ningu\u00e9m para tr\u00e1s. Quero ser prefeito para fazer Niter\u00f3i seguir avan\u00e7ando&#8221;, prometeu Grael.<\/p>\n<p>Grael j\u00e1 anunciou tamb\u00e9m que o programa de apoio \u00e0s empresas, que vem garantindo empregos na cidade, ser\u00e1 mantido enquanto for necess\u00e1rio. Nos \u00faltimos meses, o Empresa Cidad\u00e3 permitiu que mais de 11 mil postos de trabalho fossem mantidos em Niter\u00f3i.<\/p>\n<p>\u201cAs a\u00e7\u00f5es implantadas pela Prefeitura de Niter\u00f3i durante a pandemia garantiram condi\u00e7\u00f5es de retomada. Fizemos o dever de casa, indo na contram\u00e3o de muitas outras cidades que est\u00e3o enfrentando essa crise. Gra\u00e7as \u00e0 essas a\u00e7\u00f5es, Niter\u00f3i est\u00e1 forte e unida para continuar seguindo em frente\u201d, salientou.<\/p>\n<!-- AddThis Advanced Settings generic via filter on the_content --><!-- AddThis Share Buttons generic via filter on the_content -->","protected":false},"excerpt":{"rendered":"<p>Medida pretende dar mais seguran\u00e7a para que as fam\u00edlias mantenham o isolamento O candidato a prefeito de Niter\u00f3i Axel Grael (PDT), da coliga\u00e7\u00e3o Uni\u00e3o por Niter\u00f3i, se eleito, vai estender o Programa Renda B\u00e1sica at\u00e9 a chegada de uma vacina contra o novo coronav\u00edrus. A medida visa mitigar os impactos sociais da pandemia e contribuir&#8230;<!-- AddThis Advanced Settings generic via filter on wp_trim_excerpt --><!-- AddThis Share Buttons generic via filter on wp_trim_excerpt --><\/p>\n","protected":false},"author":17,"featured_media":74491,"comment_status":"closed","ping_status":"closed","sticky":false,"template":"","format":"standard","meta":{"_monsterinsights_skip_tracking":false,"_monsterinsights_sitenote_active":false,"_monsterinsights_sitenote_note":"","_monsterinsights_sitenote_category":0,"_uf_show_specific_survey":0,"_uf_disable_surveys":false,"footnotes":""},"categories":[1390,976],"tags":[4025,4111,2463],"class_list":["post-74490","post","type-post","status-publish","format-standard","has-post-thumbnail","hentry","category-editorias","category-noticias-em-destaque","tag-axel-grael","tag-elicoes-2020","tag-niteroi-rj"],"acf":[],"_links":{"self":[{"href":"https:\/\/pdt-rj.org.br\/index.php\/wp-json\/wp\/v2\/posts\/74490","targetHints":{"allow":["GET"]}}],"collection":[{"href":"https:\/\/pdt-rj.org.br\/index.php\/wp-json\/wp\/v2\/posts"}],"about":[{"href":"https:\/\/pdt-rj.org.br\/index.php\/wp-json\/wp\/v2\/types\/post"}],"author":[{"embeddable":true,"href":"https:\/\/pdt-rj.org.br\/index.php\/wp-json\/wp\/v2\/users\/17"}],"replies":[{"embeddable":true,"href":"https:\/\/pdt-rj.org.br\/index.php\/wp-json\/wp\/v2\/comments?post=74490"}],"version-history":[{"count":1,"href":"https:\/\/pdt-rj.org.br\/index.php\/wp-json\/wp\/v2\/posts\/74490\/revisions"}],"predecessor-version":[{"id":74492,"href":"https:\/\/pdt-rj.org.br\/index.php\/wp-json\/wp\/v2\/posts\/74490\/revisions\/74492"}],"wp:featuredmedia":[{"embeddable":true,"href":"https:\/\/pdt-rj.org.br\/index.php\/wp-json\/wp\/v2\/media\/74491"}],"wp:attachment":[{"href":"https:\/\/pdt-rj.org.br\/index.php\/wp-json\/wp\/v2\/media?parent=74490"}],"wp:term":[{"taxonomy":"category","embeddable":true,"href":"https:\/\/pdt-rj.org.br\/index.php\/wp-json\/wp\/v2\/categories?post=74490"},{"taxonomy":"post_tag","embeddable":true,"href":"https:\/\/pdt-rj.org.br\/index.php\/wp-json\/wp\/v2\/tags?post=74490"}],"curies":[{"name":"wp","href":"https:\/\/api.w.org\/{rel}","templated":true}]}}