{"id":74476,"date":"2020-11-05T12:33:19","date_gmt":"2020-11-05T15:33:19","guid":{"rendered":"http:\/\/pdt-rj.org.br\/?p=74476"},"modified":"2020-11-05T21:56:04","modified_gmt":"2020-11-06T00:56:04","slug":"pdl-de-andre-figueiredo-suspende-a-inclusao-da-nuclebras-no-programa-de-desestatizacao","status":"publish","type":"post","link":"https:\/\/pdt-rj.org.br\/index.php\/pdl-de-andre-figueiredo-suspende-a-inclusao-da-nuclebras-no-programa-de-desestatizacao\/","title":{"rendered":"Projeto de Decreto Legislativo de Andr\u00e9 Figueiredo suspende a inclus\u00e3o da Nuclebr\u00e1s no programa de desestatiza\u00e7\u00e3o"},"content":{"rendered":"<p>Est\u00e1 em an\u00e1lise na C\u00e2mara Federal o Projeto de Decreto Legislativo <strong>(PDL\u00a0 153\/20)<\/strong> do l\u00edder da oposi\u00e7\u00e3o, deputado federal Andr\u00e9 Figueiredo (PDT-CE), que suspende a inclus\u00e3o da Nuclebr\u00e1s Equipamentos Pesados (Nuclep) no programa de desestatiza\u00e7\u00e3o. A proposta susta o Decreto 10.322\/20, cujo objetivo \u00e9 inserir a estatal no Programa Nacional de Desestatiza\u00e7\u00e3o.<\/p>\n<p>Para o l\u00edder, \u201ca import\u00e2ncia fundamental da Nuclep ficou ressaltada por seu papel no Programa de Desenvolvimento de Submarinos (Prosub). Desestatizar a empresa n\u00e3o se revela de boa administra\u00e7\u00e3o\u201d.<\/p>\n<p>A proposta cita que a Nuclep, instalada no Rio de Janeiro, foi respons\u00e1vel pela fabrica\u00e7\u00e3o do casco de resist\u00eancia do submarino nuclear Riachuelo (SBR-S40), o primeiro de quatro embarca\u00e7\u00f5es a serem constru\u00eddas como parte de uma pol\u00edtica de fortalecimento da soberania naval do Pa\u00eds.<\/p>\n<p>A proposta ser\u00e1 analisada pelas comiss\u00f5es de Minas e Energia, de Desenvolvimento Econ\u00f4mico, Ind\u00fastria, Com\u00e9rcio e Servi\u00e7os e Constitui\u00e7\u00e3o e de Justi\u00e7a e de Cidadania. Logo ap\u00f3s seguir\u00e1 para aprecia\u00e7\u00e3o do Plen\u00e1rio.<\/p>\n<!-- AddThis Advanced Settings generic via filter on the_content --><!-- AddThis Share Buttons generic via filter on the_content -->","protected":false},"excerpt":{"rendered":"<p>Est\u00e1 em an\u00e1lise na C\u00e2mara Federal o Projeto de Decreto Legislativo (PDL\u00a0 153\/20) do l\u00edder da oposi\u00e7\u00e3o, deputado federal Andr\u00e9 Figueiredo (PDT-CE), que suspende a inclus\u00e3o da Nuclebr\u00e1s Equipamentos Pesados (Nuclep) no programa de desestatiza\u00e7\u00e3o. A proposta susta o Decreto 10.322\/20, cujo objetivo \u00e9 inserir a estatal no Programa Nacional de Desestatiza\u00e7\u00e3o. Para o l\u00edder,&#8230;<!-- AddThis Advanced Settings generic via filter on wp_trim_excerpt --><!-- AddThis Share Buttons generic via filter on wp_trim_excerpt --><\/p>\n","protected":false},"author":17,"featured_media":70075,"comment_status":"closed","ping_status":"closed","sticky":false,"template":"","format":"standard","meta":{"_monsterinsights_skip_tracking":false,"_monsterinsights_sitenote_active":false,"_monsterinsights_sitenote_note":"","_monsterinsights_sitenote_category":0,"_uf_show_specific_survey":0,"_uf_disable_surveys":false,"footnotes":""},"categories":[1390],"tags":[34,4109,4110],"class_list":["post-74476","post","type-post","status-publish","format-standard","has-post-thumbnail","hentry","category-editorias","tag-andre-figueiredo","tag-nuclebras-equipamentos-pesados","tag-programa-nacional-de-desestatizacao"],"acf":[],"_links":{"self":[{"href":"https:\/\/pdt-rj.org.br\/index.php\/wp-json\/wp\/v2\/posts\/74476","targetHints":{"allow":["GET"]}}],"collection":[{"href":"https:\/\/pdt-rj.org.br\/index.php\/wp-json\/wp\/v2\/posts"}],"about":[{"href":"https:\/\/pdt-rj.org.br\/index.php\/wp-json\/wp\/v2\/types\/post"}],"author":[{"embeddable":true,"href":"https:\/\/pdt-rj.org.br\/index.php\/wp-json\/wp\/v2\/users\/17"}],"replies":[{"embeddable":true,"href":"https:\/\/pdt-rj.org.br\/index.php\/wp-json\/wp\/v2\/comments?post=74476"}],"version-history":[{"count":6,"href":"https:\/\/pdt-rj.org.br\/index.php\/wp-json\/wp\/v2\/posts\/74476\/revisions"}],"predecessor-version":[{"id":74482,"href":"https:\/\/pdt-rj.org.br\/index.php\/wp-json\/wp\/v2\/posts\/74476\/revisions\/74482"}],"wp:featuredmedia":[{"embeddable":true,"href":"https:\/\/pdt-rj.org.br\/index.php\/wp-json\/wp\/v2\/media\/70075"}],"wp:attachment":[{"href":"https:\/\/pdt-rj.org.br\/index.php\/wp-json\/wp\/v2\/media?parent=74476"}],"wp:term":[{"taxonomy":"category","embeddable":true,"href":"https:\/\/pdt-rj.org.br\/index.php\/wp-json\/wp\/v2\/categories?post=74476"},{"taxonomy":"post_tag","embeddable":true,"href":"https:\/\/pdt-rj.org.br\/index.php\/wp-json\/wp\/v2\/tags?post=74476"}],"curies":[{"name":"wp","href":"https:\/\/api.w.org\/{rel}","templated":true}]}}