{"id":74469,"date":"2020-11-04T21:52:17","date_gmt":"2020-11-05T00:52:17","guid":{"rendered":"http:\/\/pdt-rj.org.br\/?p=74469"},"modified":"2020-11-04T21:53:10","modified_gmt":"2020-11-05T00:53:10","slug":"axel-grael-vai-levar-novo-ciclo-de-investimentos-para-as-comunidades","status":"publish","type":"post","link":"https:\/\/pdt-rj.org.br\/index.php\/axel-grael-vai-levar-novo-ciclo-de-investimentos-para-as-comunidades\/","title":{"rendered":"Axel Grael vai levar novo ciclo de investimentos para as comunidades"},"content":{"rendered":"<p>O candidato a prefeito de Niter\u00f3i Axel Grael (PDT-RJ), da coliga\u00e7\u00e3o Uni\u00e3o por Niter\u00f3i, come\u00e7ou a agenda desta quarta-feira (4) com um caf\u00e9 da manh\u00e3 no Morro do Pal\u00e1cio, no Ing\u00e1, onde refor\u00e7ou seu compromisso de investir em melhorias nas comunidades, atrav\u00e9s do programa Novo Morar Melhor. Ao longo do dia, Grael tamb\u00e9m se reuniu com esportistas e fez uma caminhada pelo Centro de Niter\u00f3i ao lado do prefeito Rodrigo Neves, de quem tem o apoio.<\/p>\n<p>O Morro do Pal\u00e1cio foi uma das comunidades que receberam cerca de R$ 500 milh\u00f5es em obras de conten\u00e7\u00e3o de encostas realizadas na cidade nos \u00faltimos oito anos.<\/p>\n<p>&#8220;A gest\u00e3o do Rodrigo olhou para todas as regi\u00f5es da cidade, mas principalmente para as comunidades. Investimos em obras de conten\u00e7\u00e3o de encostas, que salvam muitas vidas. Me comprometo a continuar com esse olhar, trazendo um novo ciclo de investimentos para as comunidades. Com o Novo Morar Melhor, vamos avan\u00e7ar com obras de infraestrutura nos espa\u00e7os em comum, mas queremos agora criar o Arquiteto de Fam\u00edlia, com profissionais que v\u00e3o ajudar as fam\u00edlias a melhorarem as condi\u00e7\u00f5es de habita\u00e7\u00e3o. Dessa forma, as fam\u00edlias poder\u00e3o viver num ambiente mais saud\u00e1vel e com mais qualidade de vida&#8221;, explicou Grael.<\/p>\n<p>Morador do Pal\u00e1cio h\u00e1 35 anos, o aposentado Oswaldo Pedro da Silva comemorou as propostas anunciadas por Grael e lembrou o quanto as obras realizadas na comunidade levaram mais seguran\u00e7a para os moradores.<\/p>\n<p>&#8220;Logo no in\u00edcio do governo, o Rodrigo veio aqui na comunidade e come\u00e7ou a fazer essa obra de conten\u00e7\u00e3o. Acabou com o medo que a gente tinha. Quem conhece o trabalho do Rodrigo, sabe o quanto ele faz pelo povo. \u00c9 o melhor prefeito do Brasil. Agora precisamos seguir com o Axel Grael para dar continuidade a tudo o que vem sendo feito&#8221;, disse Oswaldo.<\/p>\n<p>No in\u00edcio da tarde, o candidato \u00e0 Prefeitura almo\u00e7ou com esportistas de Niter\u00f3i. No encontro, Grael falou sobre a sua rela\u00e7\u00e3o com o esporte e sobre a import\u00e2ncia de a\u00e7\u00f5es de incentivo, refor\u00e7ando seu compromisso de dar continuidade ao processo de transforma\u00e7\u00e3o da Concha Ac\u00fastica em um parque ol\u00edmpico com padr\u00e3o internacional.<\/p>\n<p>&#8220;Sempre tive o esporte como uma ferramenta para desenvolver a\u00e7\u00f5es sociais e de transforma\u00e7\u00e3o. H\u00e1 22 anos, eu e meus irm\u00e3os criamos o Projeto Grael, que j\u00e1 beneficiou mais de 20 mil jovens. O esporte \u00e9 capaz de transformar. Estamos vendo isso acontecer no Caramujo, onde fizemos um Parque Esportivo, com campo de futebol, gin\u00e1sio poliesportivo e pista de atletismo. Mais de 800 jovens j\u00e1 foram inscritos nos programas esportivos de l\u00e1. Agora, vamos investir na Nova Concha Ac\u00fastica, com um gin\u00e1sio de padr\u00e3o internacional para atrair competi\u00e7\u00f5es para Niter\u00f3i&#8221;, declarou Grael.<\/p>\n<p>Logo depois, o candidato visitou a sede da Associa\u00e7\u00e3o de Pais e Amigos dos Deficientes de Audi\u00e7\u00e3o (Apada), onde falou sobre suas propostas.<\/p>\n<p>Em seguida, Grael fez uma caminhada no Centro de Niter\u00f3i, com o prefeito Rodrigo Neves. Juntos, cumprimentaram pedestres no entorno do Terminal Jo\u00e3o Goulart, lembrando dos investimentos que a cidade conquistou nos \u00faltimos anos e os projetos para fazer Niter\u00f3i continuar avan\u00e7ando.<\/p>\n<p>&#8220;J\u00e1 soube que Grael tem a proposta de continuar com o Renda B\u00e1sica at\u00e9 que a gente tenha uma vacina e achei \u00f3timo. Ajuda n\u00e3o s\u00f3 a minha fam\u00edlia, mas a muitas outras nesse momento de dificuldade&#8221;, disse Luciana Silva, moradora da Martins Torres.<\/p>\n<!-- AddThis Advanced Settings generic via filter on the_content --><!-- AddThis Share Buttons generic via filter on the_content -->","protected":false},"excerpt":{"rendered":"<p>O candidato a prefeito de Niter\u00f3i Axel Grael (PDT-RJ), da coliga\u00e7\u00e3o Uni\u00e3o por Niter\u00f3i, come\u00e7ou a agenda desta quarta-feira (4) com um caf\u00e9 da manh\u00e3 no Morro do Pal\u00e1cio, no Ing\u00e1, onde refor\u00e7ou seu compromisso de investir em melhorias nas comunidades, atrav\u00e9s do programa Novo Morar Melhor. Ao longo do dia, Grael tamb\u00e9m se reuniu&#8230;<!-- AddThis Advanced Settings generic via filter on wp_trim_excerpt --><!-- AddThis Share Buttons generic via filter on wp_trim_excerpt --><\/p>\n","protected":false},"author":17,"featured_media":74470,"comment_status":"closed","ping_status":"closed","sticky":false,"template":"","format":"standard","meta":{"_monsterinsights_skip_tracking":false,"_monsterinsights_sitenote_active":false,"_monsterinsights_sitenote_note":"","_monsterinsights_sitenote_category":0,"_uf_show_specific_survey":0,"_uf_disable_surveys":false,"footnotes":""},"categories":[1390],"tags":[4025,2463,4104,3169],"class_list":["post-74469","post","type-post","status-publish","format-standard","has-post-thumbnail","hentry","category-editorias","tag-axel-grael","tag-niteroi-rj","tag-novo-morar-melhor","tag-rodrigo-neves"],"acf":[],"_links":{"self":[{"href":"https:\/\/pdt-rj.org.br\/index.php\/wp-json\/wp\/v2\/posts\/74469","targetHints":{"allow":["GET"]}}],"collection":[{"href":"https:\/\/pdt-rj.org.br\/index.php\/wp-json\/wp\/v2\/posts"}],"about":[{"href":"https:\/\/pdt-rj.org.br\/index.php\/wp-json\/wp\/v2\/types\/post"}],"author":[{"embeddable":true,"href":"https:\/\/pdt-rj.org.br\/index.php\/wp-json\/wp\/v2\/users\/17"}],"replies":[{"embeddable":true,"href":"https:\/\/pdt-rj.org.br\/index.php\/wp-json\/wp\/v2\/comments?post=74469"}],"version-history":[{"count":1,"href":"https:\/\/pdt-rj.org.br\/index.php\/wp-json\/wp\/v2\/posts\/74469\/revisions"}],"predecessor-version":[{"id":74471,"href":"https:\/\/pdt-rj.org.br\/index.php\/wp-json\/wp\/v2\/posts\/74469\/revisions\/74471"}],"wp:featuredmedia":[{"embeddable":true,"href":"https:\/\/pdt-rj.org.br\/index.php\/wp-json\/wp\/v2\/media\/74470"}],"wp:attachment":[{"href":"https:\/\/pdt-rj.org.br\/index.php\/wp-json\/wp\/v2\/media?parent=74469"}],"wp:term":[{"taxonomy":"category","embeddable":true,"href":"https:\/\/pdt-rj.org.br\/index.php\/wp-json\/wp\/v2\/categories?post=74469"},{"taxonomy":"post_tag","embeddable":true,"href":"https:\/\/pdt-rj.org.br\/index.php\/wp-json\/wp\/v2\/tags?post=74469"}],"curies":[{"name":"wp","href":"https:\/\/api.w.org\/{rel}","templated":true}]}}