{"id":74453,"date":"2020-11-04T03:43:35","date_gmt":"2020-11-04T06:43:35","guid":{"rendered":"http:\/\/pdt-rj.org.br\/?p=74453"},"modified":"2020-11-04T16:20:30","modified_gmt":"2020-11-04T19:20:30","slug":"martha-rocha-destaca-projeto-territorios-seguros-em-seu-compromisso-com-a-seguranca-publica-do-rio-de-janeiro","status":"publish","type":"post","link":"https:\/\/pdt-rj.org.br\/index.php\/martha-rocha-destaca-projeto-territorios-seguros-em-seu-compromisso-com-a-seguranca-publica-do-rio-de-janeiro\/","title":{"rendered":"Martha Rocha destaca projeto \u201cTerrit\u00f3rios Seguros\u201d em seu compromisso com a seguran\u00e7a p\u00fablica do Rio de Janeiro"},"content":{"rendered":"<p>A delegada Martha Rocha, candidata \u00e0 Prefeitura do Rio de Janeiro pelo PDT, tem como compromisso para Seguran\u00e7a P\u00fablica dos cariocas o uso da intelig\u00eancia na an\u00e1lise de dados e da tecnologia para combater a criminalidade em parceria da Guarda Municipal com as for\u00e7as policiais. Em atividade na Tijuca, nesta ter\u00e7a-feira (3), ela destacou o projeto \u201cTerrit\u00f3rios Seguros\u201d, que est\u00e1 inserido no programa de governo da candidatura Martha Rocha Prefeita do Rio.<\/p>\n<p>O Projeto Estruturante Territ\u00f3rios Seguros vai analisar de forma permanente dados e pontos quentes (manchas criminais). Num primeiro momento, a prioridade ser\u00e1 direcionada ao enfrentamento sistem\u00e1tico aos \u201ccrimes de oportunidades\u201d (como furtos, roubos etc.).<\/p>\n<p>A primeira etapa prev\u00ea a divis\u00e3o da cidade em seis regi\u00f5es com alta incid\u00eancia desses delitos, sendo tamb\u00e9m importantes centros comerciais e com elevada densidade populacional: Centro, Copacabana, Bangu, Campo Grande, Tijuca e Madureira.<\/p>\n<p>Um dos pilares do projeto ser\u00e1 o Monitora Rio, uma plataforma de intelig\u00eancia e monitoramento de a\u00e7\u00f5es preventivas para agentes de seguran\u00e7a da prefeitura em apoio aos \u00f3rg\u00e3os da seguran\u00e7a p\u00fablica estadual. \u201cVamos investir em intelig\u00eancia\u201d, disse a delegada Martha Rocha, que tem experi\u00eancia com essa metrifica\u00e7\u00e3o e an\u00e1lise de dados criminais desde quando chefiou a Pol\u00edcia Civil.<\/p>\n<p>Durante a caminhada pela Pra\u00e7a Saens Pe\u00f1a, na Tijuca, Martha conversou com as pessoas sobre os problemas da regi\u00e3o. Moradora do bairro h\u00e1 25 anos, a candidata criticou o abandono em que se encontra essa parte da Zona Norte do Rio. \u201cIsso n\u00e3o \u00e9 uma exclusividade da Tijuca. Toda a cidade est\u00e1 abandonada\u201d, afirmou.<\/p>\n<p>Durante a caminhada, ela tamb\u00e9m lamentou o descaso do atual prefeito com a Pra\u00e7a Saens Pe\u00f1a, justamente um dos principais centros comerciais do bairro e importante ponto de encontro dos tijucanos. \u201c\u00c9 preciso revitalizar esse espa\u00e7o, investir na oferta de lazer para os idosos e tornar o ambiente atraente para os jovens\u201d, destacou.<\/p>\n<p><strong>Confira agenda desta quarta-feira (4)<\/strong><\/p>\n<p>8h10 &#8211; Participa de entrevista ao vivo na CNN.<br \/>\n10h30 &#8211; Caminhada na Freguesia. Ponto de encontro: Estrada de Jacarepagu\u00e1 7753 (Supermercado Assa\u00ed)<br \/>\n12h &#8211; Caminhada na Feira da Merck. Ponto de encontro: Estrada dos Bandeirantes 1393 &#8211; Posto BR<br \/>\n14h &#8211; Caminhada na Taquara. Ponto de encontro: Estrada do Tindiba esquina com Nelson Cardoso<br \/>\n18h &#8211; Live com a Associa\u00e7\u00e3o Comercial do Rio de Janeiro<\/p>\n<!-- AddThis Advanced Settings generic via filter on the_content --><!-- AddThis Share Buttons generic via filter on the_content -->","protected":false},"excerpt":{"rendered":"<p>A delegada Martha Rocha, candidata \u00e0 Prefeitura do Rio de Janeiro pelo PDT, tem como compromisso para Seguran\u00e7a P\u00fablica dos cariocas o uso da intelig\u00eancia na an\u00e1lise de dados e da tecnologia para combater a criminalidade em parceria da Guarda Municipal com as for\u00e7as policiais. Em atividade na Tijuca, nesta ter\u00e7a-feira (3), ela destacou o&#8230;<!-- AddThis Advanced Settings generic via filter on wp_trim_excerpt --><!-- AddThis Share Buttons generic via filter on wp_trim_excerpt --><\/p>\n","protected":false},"author":17,"featured_media":74456,"comment_status":"closed","ping_status":"closed","sticky":false,"template":"","format":"standard","meta":{"_monsterinsights_skip_tracking":false,"_monsterinsights_sitenote_active":false,"_monsterinsights_sitenote_note":"","_monsterinsights_sitenote_category":0,"_uf_show_specific_survey":0,"_uf_disable_surveys":false,"footnotes":""},"categories":[1390,1402,3327],"tags":[4099,2869,38,865],"class_list":["post-74453","post","type-post","status-publish","format-standard","has-post-thumbnail","hentry","category-editorias","category-cidades","category-eleicoes-2020","tag-delegada-martha-rocha","tag-martha-rocha","tag-pdt","tag-seguranca-publica"],"acf":[],"_links":{"self":[{"href":"https:\/\/pdt-rj.org.br\/index.php\/wp-json\/wp\/v2\/posts\/74453","targetHints":{"allow":["GET"]}}],"collection":[{"href":"https:\/\/pdt-rj.org.br\/index.php\/wp-json\/wp\/v2\/posts"}],"about":[{"href":"https:\/\/pdt-rj.org.br\/index.php\/wp-json\/wp\/v2\/types\/post"}],"author":[{"embeddable":true,"href":"https:\/\/pdt-rj.org.br\/index.php\/wp-json\/wp\/v2\/users\/17"}],"replies":[{"embeddable":true,"href":"https:\/\/pdt-rj.org.br\/index.php\/wp-json\/wp\/v2\/comments?post=74453"}],"version-history":[{"count":3,"href":"https:\/\/pdt-rj.org.br\/index.php\/wp-json\/wp\/v2\/posts\/74453\/revisions"}],"predecessor-version":[{"id":74464,"href":"https:\/\/pdt-rj.org.br\/index.php\/wp-json\/wp\/v2\/posts\/74453\/revisions\/74464"}],"wp:featuredmedia":[{"embeddable":true,"href":"https:\/\/pdt-rj.org.br\/index.php\/wp-json\/wp\/v2\/media\/74456"}],"wp:attachment":[{"href":"https:\/\/pdt-rj.org.br\/index.php\/wp-json\/wp\/v2\/media?parent=74453"}],"wp:term":[{"taxonomy":"category","embeddable":true,"href":"https:\/\/pdt-rj.org.br\/index.php\/wp-json\/wp\/v2\/categories?post=74453"},{"taxonomy":"post_tag","embeddable":true,"href":"https:\/\/pdt-rj.org.br\/index.php\/wp-json\/wp\/v2\/tags?post=74453"}],"curies":[{"name":"wp","href":"https:\/\/api.w.org\/{rel}","templated":true}]}}