{"id":74450,"date":"2020-11-03T19:29:20","date_gmt":"2020-11-03T22:29:20","guid":{"rendered":"http:\/\/pdt-rj.org.br\/?p=74450"},"modified":"2020-11-03T19:29:20","modified_gmt":"2020-11-03T22:29:20","slug":"axel-grael-assume-compromisso-de-investir-na-qualidade-habitacional-das-comunidades-em-niteroi-rj","status":"publish","type":"post","link":"https:\/\/pdt-rj.org.br\/index.php\/axel-grael-assume-compromisso-de-investir-na-qualidade-habitacional-das-comunidades-em-niteroi-rj\/","title":{"rendered":"Axel Grael assume compromisso de investir na qualidade habitacional das comunidades em Niter\u00f3i (RJ)"},"content":{"rendered":"<p>O candidato a prefeito de Niter\u00f3i Axel Grael (PDT-RJ), da coliga\u00e7\u00e3o Uni\u00e3o por Niter\u00f3i, que tem apoio do prefeito Rodrigo Neves, assumiu o compromisso de levar um novo ciclo de investimentos para as comunidades, atrav\u00e9s do Programa Morar Melhor, que prev\u00ea uma s\u00e9rie de melhorias habitacionais e sanit\u00e1rias. A proposta foi anunciada nesta segunda-feira (2), durante um encontro com jovens de comunidades niteroienses.<\/p>\n<p>O Morar Melhor vai promover mais qualidade de vida para os moradores de comunidades de Niter\u00f3i, atrav\u00e9s de obras de infraestrutura nos acessos e nos espa\u00e7os em comum. Al\u00e9m disso, o programa ainda tem como vertente a qualidade habitacional das fam\u00edlias.<\/p>\n<p>&#8220;Assim como o M\u00e9dico de Fam\u00edlia, agora vamos ter o Arquiteto de Fam\u00edlia, com profissionais qualificados que v\u00e3o apoiar as fam\u00edlias na melhoria de suas casas, com ideias de melhor ventila\u00e7\u00e3o e ilumina\u00e7\u00e3o, por exemplo. Essa iniciativa, al\u00e9m de trazer mais qualidade de vida para os moradores, aquece a economia de Niter\u00f3i e incentiva o mercado da constru\u00e7\u00e3o civil, um dos setores que mais geram empregos&#8221;, ressaltou Grael.<\/p>\n<p>Em conversa com os jovens, Grael tamb\u00e9m falou sobre a proposta de manter o Renda B\u00e1sica at\u00e9 a chegada da vacina e de implantar uma rede Wi-Fi gratuita nas comunidades, democratizando o acesso \u00e0 internet.<\/p>\n<p>&#8220;Nos preocupa muito esses jovens que est\u00e3o nas comunidades e n\u00e3o t\u00eam acesso a dados. Hoje, a internet j\u00e1 se mostrou essencial e mudou a forma como nos relacionamos. A pandemia s\u00f3 acelerou esse processo. J\u00e1 estruturamos o projeto para que todas as comunidades de Niter\u00f3i tenham acesso a uma internet de qualidade e de forma gratuita. Isso gera mais oportunidades&#8221;, disse o candidato.<\/p>\n<p>Moradora do Prevent\u00f3rio, Marcele Freitas comemorou o an\u00fancio das propostas e lembrou dos investimentos da gest\u00e3o Rodrigo Neves em sua comunidade.<\/p>\n<p>&#8220;Precisamos de pol\u00edticas p\u00fablicas dentro das favelas, de uma voz que fale por n\u00f3s. E o Grael \u00e9 essa voz. O governo do Rodrigo Neves foi o que mais olhou para as comunidades e nos presenteou com muitas obras no Caval\u00e3o. Com o Grael, sabemos que n\u00e3o vai ser diferente&#8221;, lembrou Marcele.<\/p>\n<p>Ao longo da tarde, Grael tamb\u00e9m participou de encontros com representantes do movimento cultural da cidade. O candidato lembrou do plano iniciado pela gest\u00e3o Rodrigo Neves, com incentivos que transformaram Niter\u00f3i na cidade do audiovisual. Grael tem como proposta fortalecer ainda mais o desenvolvimento da Cultura na cidade, com a implanta\u00e7\u00e3o do primeiro centro cultural da Zona Norte, que ficar\u00e1 na Alameda S\u00e3o Boaventura, no Fonseca. Outro compromisso \u00e9 a recupera\u00e7\u00e3o do Cinema Icara\u00ed, espa\u00e7o que est\u00e1 abandonado h\u00e1 d\u00e9cadas e que a Prefeitura, recentemente, assumiu a gest\u00e3o. O local ganhar\u00e1 novas salas de cinema e de teatro, um restaurante panor\u00e2mico e ainda abrigar\u00e1 a sede da Orquestra Sinf\u00f4nica da Universidade Federal Fluminense.<\/p>\n<!-- AddThis Advanced Settings generic via filter on the_content --><!-- AddThis Share Buttons generic via filter on the_content -->","protected":false},"excerpt":{"rendered":"<p>O candidato a prefeito de Niter\u00f3i Axel Grael (PDT-RJ), da coliga\u00e7\u00e3o Uni\u00e3o por Niter\u00f3i, que tem apoio do prefeito Rodrigo Neves, assumiu o compromisso de levar um novo ciclo de investimentos para as comunidades, atrav\u00e9s do Programa Morar Melhor, que prev\u00ea uma s\u00e9rie de melhorias habitacionais e sanit\u00e1rias. A proposta foi anunciada nesta segunda-feira (2),&#8230;<!-- AddThis Advanced Settings generic via filter on wp_trim_excerpt --><!-- AddThis Share Buttons generic via filter on wp_trim_excerpt --><\/p>\n","protected":false},"author":17,"featured_media":74451,"comment_status":"closed","ping_status":"closed","sticky":false,"template":"","format":"standard","meta":{"_monsterinsights_skip_tracking":false,"_monsterinsights_sitenote_active":false,"_monsterinsights_sitenote_note":"","_monsterinsights_sitenote_category":0,"_uf_show_specific_survey":0,"_uf_disable_surveys":false,"footnotes":""},"categories":[1390,1402,3327],"tags":[],"class_list":["post-74450","post","type-post","status-publish","format-standard","has-post-thumbnail","hentry","category-editorias","category-cidades","category-eleicoes-2020"],"acf":[],"_links":{"self":[{"href":"https:\/\/pdt-rj.org.br\/index.php\/wp-json\/wp\/v2\/posts\/74450","targetHints":{"allow":["GET"]}}],"collection":[{"href":"https:\/\/pdt-rj.org.br\/index.php\/wp-json\/wp\/v2\/posts"}],"about":[{"href":"https:\/\/pdt-rj.org.br\/index.php\/wp-json\/wp\/v2\/types\/post"}],"author":[{"embeddable":true,"href":"https:\/\/pdt-rj.org.br\/index.php\/wp-json\/wp\/v2\/users\/17"}],"replies":[{"embeddable":true,"href":"https:\/\/pdt-rj.org.br\/index.php\/wp-json\/wp\/v2\/comments?post=74450"}],"version-history":[{"count":1,"href":"https:\/\/pdt-rj.org.br\/index.php\/wp-json\/wp\/v2\/posts\/74450\/revisions"}],"predecessor-version":[{"id":74452,"href":"https:\/\/pdt-rj.org.br\/index.php\/wp-json\/wp\/v2\/posts\/74450\/revisions\/74452"}],"wp:featuredmedia":[{"embeddable":true,"href":"https:\/\/pdt-rj.org.br\/index.php\/wp-json\/wp\/v2\/media\/74451"}],"wp:attachment":[{"href":"https:\/\/pdt-rj.org.br\/index.php\/wp-json\/wp\/v2\/media?parent=74450"}],"wp:term":[{"taxonomy":"category","embeddable":true,"href":"https:\/\/pdt-rj.org.br\/index.php\/wp-json\/wp\/v2\/categories?post=74450"},{"taxonomy":"post_tag","embeddable":true,"href":"https:\/\/pdt-rj.org.br\/index.php\/wp-json\/wp\/v2\/tags?post=74450"}],"curies":[{"name":"wp","href":"https:\/\/api.w.org\/{rel}","templated":true}]}}