{"id":74405,"date":"2020-10-31T00:50:40","date_gmt":"2020-10-31T03:50:40","guid":{"rendered":"http:\/\/pdt-rj.org.br\/?p=74405"},"modified":"2020-10-31T00:51:12","modified_gmt":"2020-10-31T03:51:12","slug":"martha-rocha-se-compromete-a-dar-transparencia-total-as-contas-publicas-do-rio-de-janeiro","status":"publish","type":"post","link":"https:\/\/pdt-rj.org.br\/index.php\/martha-rocha-se-compromete-a-dar-transparencia-total-as-contas-publicas-do-rio-de-janeiro\/","title":{"rendered":"Martha Rocha se compromete a dar transpar\u00eancia total \u00e0s contas p\u00fablicas do Rio de Janeiro"},"content":{"rendered":"<p>Em atividade nesta sexta-feira (30), a delegada Martha Rocha, candidata \u00e0 Prefeitura do Rio de Janeiro pela coliga\u00e7\u00e3o \u201cUnidos Pelo Rio\u201d (PDT- PSB), fez compromisso p\u00fablico de dar transpar\u00eancia total \u00e0s contas p\u00fablicas do munic\u00edpio. Ela caminhou pelas ruas da Vila Valqueire, na Zona Oeste, e conversou com a pessoas sobre as demandas da regi\u00e3o. Ela disse que vai demonstrar em tempo real a movimenta\u00e7\u00e3o das receitas e despesas da administra\u00e7\u00e3o municipal.<\/p>\n<p>Diante de um cen\u00e1rio de abandono, Martha Rocha atribuiu ao atual e ao ex-prefeito essa condi\u00e7\u00e3o prec\u00e1ria dos servi\u00e7os urbanos no bairro.<\/p>\n<p>&#8220;Aqui \u00e9 um bairro tipicamente residencial. A exemplo de outros bairros, n\u00f3s ouvimos aqui reclama\u00e7\u00f5es sobre a quest\u00e3o do abandono, da falta de limpeza urbana, sobre a quest\u00e3o do tr\u00e2nsito. Ent\u00e3o, tem que ter esta disponibilidade do cidad\u00e3o carioca falar em tempo real com os \u00f3rg\u00e3os da prefeitura eu n\u00e3o tenho a menor d\u00favida que isto ir\u00e1 agilizar as respostas que s\u00e3o cobradas pelo cidad\u00e3o.&#8221;<\/p>\n<p>A candidata do PDT defendeu o uso da tecnologia como forma de garantir o acesso direto do cidad\u00e3o carioca ao governo.<\/p>\n<p>&#8220;A gente vai criar um gabinete digital da gest\u00e3o para que o carioca possa conhecer, em tempo real, todas as a\u00e7\u00f5es desenvolvidas pela prefeitura, acessar a \u00edntegra de todos contratos e opinar sobre as medidas da prefeitura. Vamos ter uma gest\u00e3o participativa e colaborativa, ouvindo sempre o cidad\u00e3o\u201d, afirmou, citando que \u00e9 o contribuinte que paga essa conta e precisa receber de volta servi\u00e7os p\u00fablicos de qualidade.<\/p>\n<p>Martha defendeu que essa transpar\u00eancia tamb\u00e9m seja presencial nos \u00f3rg\u00e3os municipais.<br \/>\n&#8220;Vamos sempre dialogar com a popula\u00e7\u00e3o sobre os projetos da prefeitura&#8221;.<\/p>\n<p><strong>Agenda desta S\u00e1bado (31)<\/strong><\/p>\n<p>10h &#8211; Caminhada na Rocinha &#8211; Concentra\u00e7\u00e3o: Rua \u00c1pia esquina com Estrada da G\u00e1vea<\/p>\n<p>12h Caminhada na Mangueira &#8211; Ponto de encontro: CE Professor Ernesto Faria Av. Bartolomeu de Gusm\u00e3o, N\u00ba 890 &#8211; S\u00e3o Crist\u00f3v\u00e3o.<\/p>\n<p>*Agenda pode ser cancelada em fun\u00e7\u00e3o da chuva<\/p>\n<!-- AddThis Advanced Settings generic via filter on the_content --><!-- AddThis Share Buttons generic via filter on the_content -->","protected":false},"excerpt":{"rendered":"<p>Em atividade nesta sexta-feira (30), a delegada Martha Rocha, candidata \u00e0 Prefeitura do Rio de Janeiro pela coliga\u00e7\u00e3o \u201cUnidos Pelo Rio\u201d (PDT- PSB), fez compromisso p\u00fablico de dar transpar\u00eancia total \u00e0s contas p\u00fablicas do munic\u00edpio. Ela caminhou pelas ruas da Vila Valqueire, na Zona Oeste, e conversou com a pessoas sobre as demandas da regi\u00e3o&#8230;.<!-- AddThis Advanced Settings generic via filter on wp_trim_excerpt --><!-- AddThis Share Buttons generic via filter on wp_trim_excerpt --><\/p>\n","protected":false},"author":17,"featured_media":74406,"comment_status":"closed","ping_status":"closed","sticky":false,"template":"","format":"standard","meta":{"_monsterinsights_skip_tracking":false,"_monsterinsights_sitenote_active":false,"_monsterinsights_sitenote_note":"","_monsterinsights_sitenote_category":0,"_uf_show_specific_survey":0,"_uf_disable_surveys":false,"footnotes":""},"categories":[1390],"tags":[2869,38],"class_list":["post-74405","post","type-post","status-publish","format-standard","has-post-thumbnail","hentry","category-editorias","tag-martha-rocha","tag-pdt"],"acf":[],"_links":{"self":[{"href":"https:\/\/pdt-rj.org.br\/index.php\/wp-json\/wp\/v2\/posts\/74405","targetHints":{"allow":["GET"]}}],"collection":[{"href":"https:\/\/pdt-rj.org.br\/index.php\/wp-json\/wp\/v2\/posts"}],"about":[{"href":"https:\/\/pdt-rj.org.br\/index.php\/wp-json\/wp\/v2\/types\/post"}],"author":[{"embeddable":true,"href":"https:\/\/pdt-rj.org.br\/index.php\/wp-json\/wp\/v2\/users\/17"}],"replies":[{"embeddable":true,"href":"https:\/\/pdt-rj.org.br\/index.php\/wp-json\/wp\/v2\/comments?post=74405"}],"version-history":[{"count":2,"href":"https:\/\/pdt-rj.org.br\/index.php\/wp-json\/wp\/v2\/posts\/74405\/revisions"}],"predecessor-version":[{"id":74408,"href":"https:\/\/pdt-rj.org.br\/index.php\/wp-json\/wp\/v2\/posts\/74405\/revisions\/74408"}],"wp:featuredmedia":[{"embeddable":true,"href":"https:\/\/pdt-rj.org.br\/index.php\/wp-json\/wp\/v2\/media\/74406"}],"wp:attachment":[{"href":"https:\/\/pdt-rj.org.br\/index.php\/wp-json\/wp\/v2\/media?parent=74405"}],"wp:term":[{"taxonomy":"category","embeddable":true,"href":"https:\/\/pdt-rj.org.br\/index.php\/wp-json\/wp\/v2\/categories?post=74405"},{"taxonomy":"post_tag","embeddable":true,"href":"https:\/\/pdt-rj.org.br\/index.php\/wp-json\/wp\/v2\/tags?post=74405"}],"curies":[{"name":"wp","href":"https:\/\/api.w.org\/{rel}","templated":true}]}}