{"id":74387,"date":"2020-10-29T03:56:26","date_gmt":"2020-10-29T06:56:26","guid":{"rendered":"http:\/\/pdt-rj.org.br\/?p=74387"},"modified":"2020-10-29T21:56:54","modified_gmt":"2020-10-30T00:56:54","slug":"axel-grael-conversa-sobre-compromissos-com-moradores-de-maria-paula-e-icarai-em-niteroi-rj","status":"publish","type":"post","link":"https:\/\/pdt-rj.org.br\/index.php\/axel-grael-conversa-sobre-compromissos-com-moradores-de-maria-paula-e-icarai-em-niteroi-rj\/","title":{"rendered":"Axel Grael conversa sobre compromissos com moradores de Maria Paula e Icara\u00ed em Niter\u00f3i (RJ)"},"content":{"rendered":"<p>O candidato a prefeito de Niter\u00f3i Axel Grael (PDT), da coliga\u00e7\u00e3o Uni\u00e3o por Niter\u00f3i, esteve na regi\u00e3o de Maria Paula e na Zona Sul da cidade nesta quarta-feira (28). Durante o caf\u00e9 da manh\u00e3, e mais tarde em caminhada, Grael conversou com moradores sobre seus compromissos de campanha, como manter o Programa Renda B\u00e1sica at\u00e9 a chegada da vacina contra o novo coronav\u00edrus.<\/p>\n<p>\u201cCom o prefeito Rodrigo Neves, tivemos uma gest\u00e3o hist\u00f3rica que mudou Niter\u00f3i. Foram 8 anos de muita dedica\u00e7\u00e3o, trabalhando incansavelmente. No meu governo, n\u00e3o vamos perder o ritmo de entregas para a popula\u00e7\u00e3o. O Programa Renda B\u00e1sica ser\u00e1 estendido at\u00e9 a chegada da vacina, para que as fam\u00edlias possam passar por esse momento de pandemia com mais tranquilidade. Tamb\u00e9m me comprometo n\u00e3o s\u00f3 a concluir, mas tamb\u00e9m expandir as obras de drenagem e pavimenta\u00e7\u00e3o em toda a cidade\u201d, garantiu.<\/p>\n<p>Cumprindo os protocolos de distanciamento, o candidato recebeu o carinho de niteroienses. Em Icara\u00ed, caminhou apresentando propostas pelas ruas Gavi\u00e3o Peixoto, Ot\u00e1vio Carneiro e Moreira C\u00e9sar. Em Maria Paula, Grael conheceu a aposentada Idenir Rosa, de 70 anos.<\/p>\n<p>\u201cJ\u00e1 tenho 70 anos e n\u00e3o tenho obriga\u00e7\u00e3o, mas fa\u00e7o quest\u00e3o de ir votar no Grael. Maria Paula avan\u00e7ou muito e tem que continuar seguindo em frente. Se o Rodrigo \u00e9 Grael, eu sou Grael tamb\u00e9m!\u201d, disse.<\/p>\n<!-- AddThis Advanced Settings generic via filter on the_content --><!-- AddThis Share Buttons generic via filter on the_content -->","protected":false},"excerpt":{"rendered":"<p>O candidato a prefeito de Niter\u00f3i Axel Grael (PDT), da coliga\u00e7\u00e3o Uni\u00e3o por Niter\u00f3i, esteve na regi\u00e3o de Maria Paula e na Zona Sul da cidade nesta quarta-feira (28). Durante o caf\u00e9 da manh\u00e3, e mais tarde em caminhada, Grael conversou com moradores sobre seus compromissos de campanha, como manter o Programa Renda B\u00e1sica at\u00e9&#8230;<!-- AddThis Advanced Settings generic via filter on wp_trim_excerpt --><!-- AddThis Share Buttons generic via filter on wp_trim_excerpt --><\/p>\n","protected":false},"author":17,"featured_media":74390,"comment_status":"closed","ping_status":"closed","sticky":false,"template":"","format":"standard","meta":{"_monsterinsights_skip_tracking":false,"_monsterinsights_sitenote_active":false,"_monsterinsights_sitenote_note":"","_monsterinsights_sitenote_category":0,"_uf_show_specific_survey":0,"_uf_disable_surveys":false,"footnotes":""},"categories":[1390,1402,3327],"tags":[4025,4096,3316,3336,4097,2463,3169],"class_list":["post-74387","post","type-post","status-publish","format-standard","has-post-thumbnail","hentry","category-editorias","category-cidades","category-eleicoes-2020","tag-axel-grael","tag-convid-19","tag-coronavirus","tag-eleicoes-2020","tag-gestao-historica","tag-niteroi-rj","tag-rodrigo-neves"],"acf":[],"_links":{"self":[{"href":"https:\/\/pdt-rj.org.br\/index.php\/wp-json\/wp\/v2\/posts\/74387","targetHints":{"allow":["GET"]}}],"collection":[{"href":"https:\/\/pdt-rj.org.br\/index.php\/wp-json\/wp\/v2\/posts"}],"about":[{"href":"https:\/\/pdt-rj.org.br\/index.php\/wp-json\/wp\/v2\/types\/post"}],"author":[{"embeddable":true,"href":"https:\/\/pdt-rj.org.br\/index.php\/wp-json\/wp\/v2\/users\/17"}],"replies":[{"embeddable":true,"href":"https:\/\/pdt-rj.org.br\/index.php\/wp-json\/wp\/v2\/comments?post=74387"}],"version-history":[{"count":2,"href":"https:\/\/pdt-rj.org.br\/index.php\/wp-json\/wp\/v2\/posts\/74387\/revisions"}],"predecessor-version":[{"id":74394,"href":"https:\/\/pdt-rj.org.br\/index.php\/wp-json\/wp\/v2\/posts\/74387\/revisions\/74394"}],"wp:featuredmedia":[{"embeddable":true,"href":"https:\/\/pdt-rj.org.br\/index.php\/wp-json\/wp\/v2\/media\/74390"}],"wp:attachment":[{"href":"https:\/\/pdt-rj.org.br\/index.php\/wp-json\/wp\/v2\/media?parent=74387"}],"wp:term":[{"taxonomy":"category","embeddable":true,"href":"https:\/\/pdt-rj.org.br\/index.php\/wp-json\/wp\/v2\/categories?post=74387"},{"taxonomy":"post_tag","embeddable":true,"href":"https:\/\/pdt-rj.org.br\/index.php\/wp-json\/wp\/v2\/tags?post=74387"}],"curies":[{"name":"wp","href":"https:\/\/api.w.org\/{rel}","templated":true}]}}