{"id":74384,"date":"2020-10-29T03:48:32","date_gmt":"2020-10-29T06:48:32","guid":{"rendered":"http:\/\/pdt-rj.org.br\/?p=74384"},"modified":"2020-10-29T03:57:20","modified_gmt":"2020-10-29T06:57:20","slug":"martha-rocha-levanta-junto-a-populacao-do-rio-de-janeiro-as-prioridades-da-cidade","status":"publish","type":"post","link":"https:\/\/pdt-rj.org.br\/index.php\/martha-rocha-levanta-junto-a-populacao-do-rio-de-janeiro-as-prioridades-da-cidade\/","title":{"rendered":"Martha Rocha levanta junto \u00e0 popula\u00e7\u00e3o do Rio de Janeiro as prioridades da cidade"},"content":{"rendered":"<p>A delegada Martha Rocha, candidata mulher melhor colocada na \u00faltima pesquisa para a Prefeitura do Rio de Janeiro (RJ), esteve nessa quarta-feira (28), no Largo da Carioca, no Centro da Cidade, onde conversou com as pessoas sobre as prioridades da capital. Ela destacou as propostas para educa\u00e7\u00e3o e defendeu a cria\u00e7\u00e3o de linha de cr\u00e9dito mais barata para micro e pequenos empreendedores.<\/p>\n<p>Servidora concursada, Martha Rocha fez quest\u00e3o de parabenizar os profissionais do servi\u00e7o p\u00fablico pelo Dia do Servidor.<\/p>\n<p>\u201cN\u00e3o h\u00e1 como falar em melhorar o ensino nas escolas se n\u00e3o houver valoriza\u00e7\u00e3o dos servidores\u201d, afirmou, parabenizando os colegas servidores p\u00fablicos municipais, estaduais e federais.<\/p>\n<p>Ela tamb\u00e9m defendeu a retomada do conceito dos Centros Integrados de Educa\u00e7\u00e3o P\u00fablica (Cieps) e a redu\u00e7\u00e3o da idade m\u00ednima para entrar nas creches.<\/p>\n<p>Somente crian\u00e7as a partir dos seis meses podem ir para uma creche municipal atualmente. Marta Rocha contou que pretende reduzir para quatro meses a idade m\u00ednima para poder atender as mulheres que precisam retornar ao trabalho ap\u00f3s a licen\u00e7a maternidade.<\/p>\n<p>\u201cHoje, via de regra, a mulher tem que retornar ao batente quatro meses ap\u00f3s o nascimento do filho. S\u00e3o dois meses que se tornam uma dificuldade para a fam\u00edlia. N\u00f3s vamos ter essa sensibilidade de poder atender as necessidades da popula\u00e7\u00e3o\u201d, assegurou, ressaltando que como prefeita n\u00e3o vai deixar nunca de cuidar das crian\u00e7as sob a \u00f3tica tamb\u00e9m da valoriza\u00e7\u00e3o das mulheres e do trabalho feminino.<\/p>\n<p>\u201cEssa \u00e9 uma miss\u00e3o fundamental para mim\u201d, afirmou.<\/p>\n<p>Ainda entre as propostas para Educa\u00e7\u00e3o, Martha Rocha disse que vai dobrar a quantidade de crian\u00e7as matriculadas em creche at\u00e9 2025, identificando todas as crian\u00e7as de 0 a 3 anos sem acesso, al\u00e9m de fazer parcerias com a rede privada e entidades de terceiro setor para garantir ainda mais vagas para as fam\u00edlias que n\u00e3o t\u00eam vagas atualmente..<\/p>\n<p>Durante a caminhada, ela observou e lamentou a grande quantidade de lojas fechadas no Centro, reflexo da crise que assola o Rio provocada pela pandemia e pelas m\u00e1s gest\u00f5es do ex e do atual prefeito.<\/p>\n<p>Martha Rocha fez compromisso de colocar em pr\u00e1tica projeto de microcr\u00e9dito para ajudar na retomada dos neg\u00f3cios dos pequenos e microempreendedores.<\/p>\n<p>No in\u00edcio da manh\u00e3, Martha Rocha havia visitado o cardeal Orani Jo\u00e3o Tempesta, arcebispo do Rio de Janeiro, e entregou o plano de governo da candidatura Martha Rocha primeira prefeita do Rio.<\/p>\n<p><strong>Agenda desta quinta-feira (29)<\/strong><\/p>\n<p>11h &#8211; Participa da sabatina da Folha de S\u00e3o Paulo\/UOL<\/p>\n<p>15h30 &#8211; Caminhada em Botafogo. Sa\u00edda: Metr\u00f4<\/p>\n<!-- AddThis Advanced Settings generic via filter on the_content --><!-- AddThis Share Buttons generic via filter on the_content -->","protected":false},"excerpt":{"rendered":"<p>A delegada Martha Rocha, candidata mulher melhor colocada na \u00faltima pesquisa para a Prefeitura do Rio de Janeiro (RJ), esteve nessa quarta-feira (28), no Largo da Carioca, no Centro da Cidade, onde conversou com as pessoas sobre as prioridades da capital. Ela destacou as propostas para educa\u00e7\u00e3o e defendeu a cria\u00e7\u00e3o de linha de cr\u00e9dito&#8230;<!-- AddThis Advanced Settings generic via filter on wp_trim_excerpt --><!-- AddThis Share Buttons generic via filter on wp_trim_excerpt --><\/p>\n","protected":false},"author":17,"featured_media":74385,"comment_status":"closed","ping_status":"closed","sticky":false,"template":"","format":"standard","meta":{"_monsterinsights_skip_tracking":false,"_monsterinsights_sitenote_active":false,"_monsterinsights_sitenote_note":"","_monsterinsights_sitenote_category":0,"_uf_show_specific_survey":0,"_uf_disable_surveys":false,"footnotes":""},"categories":[1390,1402],"tags":[1544,1545,3336,2869,38,1798],"class_list":["post-74384","post","type-post","status-publish","format-standard","has-post-thumbnail","hentry","category-editorias","category-cidades","tag-centros-integrados-de-educacao-publica","tag-cieps","tag-eleicoes-2020","tag-martha-rocha","tag-pdt","tag-rio-de-janeiro-rj"],"acf":[],"_links":{"self":[{"href":"https:\/\/pdt-rj.org.br\/index.php\/wp-json\/wp\/v2\/posts\/74384","targetHints":{"allow":["GET"]}}],"collection":[{"href":"https:\/\/pdt-rj.org.br\/index.php\/wp-json\/wp\/v2\/posts"}],"about":[{"href":"https:\/\/pdt-rj.org.br\/index.php\/wp-json\/wp\/v2\/types\/post"}],"author":[{"embeddable":true,"href":"https:\/\/pdt-rj.org.br\/index.php\/wp-json\/wp\/v2\/users\/17"}],"replies":[{"embeddable":true,"href":"https:\/\/pdt-rj.org.br\/index.php\/wp-json\/wp\/v2\/comments?post=74384"}],"version-history":[{"count":2,"href":"https:\/\/pdt-rj.org.br\/index.php\/wp-json\/wp\/v2\/posts\/74384\/revisions"}],"predecessor-version":[{"id":74389,"href":"https:\/\/pdt-rj.org.br\/index.php\/wp-json\/wp\/v2\/posts\/74384\/revisions\/74389"}],"wp:featuredmedia":[{"embeddable":true,"href":"https:\/\/pdt-rj.org.br\/index.php\/wp-json\/wp\/v2\/media\/74385"}],"wp:attachment":[{"href":"https:\/\/pdt-rj.org.br\/index.php\/wp-json\/wp\/v2\/media?parent=74384"}],"wp:term":[{"taxonomy":"category","embeddable":true,"href":"https:\/\/pdt-rj.org.br\/index.php\/wp-json\/wp\/v2\/categories?post=74384"},{"taxonomy":"post_tag","embeddable":true,"href":"https:\/\/pdt-rj.org.br\/index.php\/wp-json\/wp\/v2\/tags?post=74384"}],"curies":[{"name":"wp","href":"https:\/\/api.w.org\/{rel}","templated":true}]}}