{"id":74337,"date":"2020-10-27T16:06:37","date_gmt":"2020-10-27T19:06:37","guid":{"rendered":"http:\/\/pdt-rj.org.br\/?p=74337"},"modified":"2020-11-02T15:33:13","modified_gmt":"2020-11-02T18:33:13","slug":"weverton-rocha-cria-frente-parlamentar-para-fortalecimento-do-sus","status":"publish","type":"post","link":"https:\/\/pdt-rj.org.br\/index.php\/weverton-rocha-cria-frente-parlamentar-para-fortalecimento-do-sus\/","title":{"rendered":"Weverton Rocha cria Frente Parlamentar para Fortalecimento do SUS"},"content":{"rendered":"<p data-raofz=\"15\">Garantir o aperfei\u00e7oamento e recursos para o Sistema \u00danico de Sa\u00fade (SUS), especialmente no p\u00f3s-pandemia. Este \u00e9 o objetivo da Frente Parlamentar pelo Fortalecimento do SUS proposta pelo senador Weverton Rocha (PDT-MA) e pelo deputado federal M\u00e1rcio Jerry (PCdoB-MA). A cria\u00e7\u00e3o da Frente foi aprovada pelo presidente da C\u00e2mara, Rodrigo Maia (DEM-RJ).<\/p>\n<p data-raofz=\"15\">\u201cEssa aprova\u00e7\u00e3o \u00e9 muito importante. Eu e o deputado M\u00e1rcio Jerry nos empenhamos para conseguir recolher as assinaturas e tirar este projeto do papel. O trabalho do grupo \u00e9 fundamental para debater a formula\u00e7\u00e3o de pol\u00edticas de fortalecimento do SUS\u201d, declarou Weverton.<\/p>\n<p data-raofz=\"15\">A Frente Parlamentar \u00e9 composta por quase 190 deputados e 15 senadores. M\u00e1rcio Jerry ser\u00e1 presidente da frente e Weverton o vice-presidente. O grupo ir\u00e1 atuar para que o SUS ganhe uma nova dimens\u00e3o e mais espa\u00e7o na agenda do Congresso Nacional e da sociedade.<\/p>\n<p data-raofz=\"15\">\u201cNeste momento de pandemia, percebemos a import\u00e2ncia do SUS para a sa\u00fade p\u00fablica brasileira . Por isso, \u00e9 preciso que a gente fortale\u00e7a e assegure recursos e condi\u00e7\u00f5es que garantam um atendimento de qualidade para a popula\u00e7\u00e3o\u201d, explicou Weverton.<\/p>\n<p data-raofz=\"15\"><strong>Sobre o SUS<\/strong><\/p>\n<p data-raofz=\"15\">O SUS foi criado em 1988 pela Constitui\u00e7\u00e3o Federal Brasileira. O Sistema \u00danico de Sa\u00fade proporciona a todo cidad\u00e3o brasileiro acesso integral, universal e gratuito a servi\u00e7os de sa\u00fade. O SUS \u00e9 hoje considerado um dos maiores e melhores sistemas de sa\u00fade p\u00fablicos do mundo.<\/p>\n<p data-raofz=\"15\">De acordo com a Fiocruz, o SUS beneficia cerca de 180 milh\u00f5es de brasileiros e realiza por ano em torno de 2,8 bilh\u00f5es de atendimentos, desde procedimentos ambulatoriais simples a atendimentos de alta complexidade, como transplantes de \u00f3rg\u00e3os.<\/p>\n<!-- AddThis Advanced Settings generic via filter on the_content --><!-- AddThis Share Buttons generic via filter on the_content -->","protected":false},"excerpt":{"rendered":"<p>Garantir o aperfei\u00e7oamento e recursos para o Sistema \u00danico de Sa\u00fade (SUS), especialmente no p\u00f3s-pandemia. Este \u00e9 o objetivo da Frente Parlamentar pelo Fortalecimento do SUS proposta pelo senador Weverton Rocha (PDT-MA) e pelo deputado federal M\u00e1rcio Jerry (PCdoB-MA). A cria\u00e7\u00e3o da Frente foi aprovada pelo presidente da C\u00e2mara, Rodrigo Maia (DEM-RJ). \u201cEssa aprova\u00e7\u00e3o \u00e9&#8230;<!-- AddThis Advanced Settings generic via filter on wp_trim_excerpt --><!-- AddThis Share Buttons generic via filter on wp_trim_excerpt --><\/p>\n","protected":false},"author":17,"featured_media":74339,"comment_status":"closed","ping_status":"closed","sticky":false,"template":"","format":"standard","meta":{"_monsterinsights_skip_tracking":false,"_monsterinsights_sitenote_active":false,"_monsterinsights_sitenote_note":"","_monsterinsights_sitenote_category":0,"_uf_show_specific_survey":0,"_uf_disable_surveys":false,"footnotes":""},"categories":[1390],"tags":[3715,4088,900,962],"class_list":["post-74337","post","type-post","status-publish","format-standard","has-post-thumbnail","hentry","category-editorias","tag-fiocruz","tag-frente-parlamentar-pelo-fortalecimento-do-sus","tag-sus","tag-weverton-rocha"],"acf":[],"_links":{"self":[{"href":"https:\/\/pdt-rj.org.br\/index.php\/wp-json\/wp\/v2\/posts\/74337","targetHints":{"allow":["GET"]}}],"collection":[{"href":"https:\/\/pdt-rj.org.br\/index.php\/wp-json\/wp\/v2\/posts"}],"about":[{"href":"https:\/\/pdt-rj.org.br\/index.php\/wp-json\/wp\/v2\/types\/post"}],"author":[{"embeddable":true,"href":"https:\/\/pdt-rj.org.br\/index.php\/wp-json\/wp\/v2\/users\/17"}],"replies":[{"embeddable":true,"href":"https:\/\/pdt-rj.org.br\/index.php\/wp-json\/wp\/v2\/comments?post=74337"}],"version-history":[{"count":2,"href":"https:\/\/pdt-rj.org.br\/index.php\/wp-json\/wp\/v2\/posts\/74337\/revisions"}],"predecessor-version":[{"id":74340,"href":"https:\/\/pdt-rj.org.br\/index.php\/wp-json\/wp\/v2\/posts\/74337\/revisions\/74340"}],"wp:featuredmedia":[{"embeddable":true,"href":"https:\/\/pdt-rj.org.br\/index.php\/wp-json\/wp\/v2\/media\/74339"}],"wp:attachment":[{"href":"https:\/\/pdt-rj.org.br\/index.php\/wp-json\/wp\/v2\/media?parent=74337"}],"wp:term":[{"taxonomy":"category","embeddable":true,"href":"https:\/\/pdt-rj.org.br\/index.php\/wp-json\/wp\/v2\/categories?post=74337"},{"taxonomy":"post_tag","embeddable":true,"href":"https:\/\/pdt-rj.org.br\/index.php\/wp-json\/wp\/v2\/tags?post=74337"}],"curies":[{"name":"wp","href":"https:\/\/api.w.org\/{rel}","templated":true}]}}