{"id":74318,"date":"2020-10-26T16:27:35","date_gmt":"2020-10-26T19:27:35","guid":{"rendered":"http:\/\/pdt-rj.org.br\/?p=74318"},"modified":"2020-10-26T16:37:49","modified_gmt":"2020-10-26T19:37:49","slug":"delegada-martha-rocha-participa-de-caminhada-pelo-outubro-rosa-e-e-festejada-por-moradores-em-copacabana-no-rio-de-janeiro","status":"publish","type":"post","link":"https:\/\/pdt-rj.org.br\/index.php\/delegada-martha-rocha-participa-de-caminhada-pelo-outubro-rosa-e-e-festejada-por-moradores-em-copacabana-no-rio-de-janeiro\/","title":{"rendered":"Delegada Martha Rocha participa de caminhada pelo Outubro Rosa e \u00e9 festejada por moradores em Copacabana no Rio de Janeiro"},"content":{"rendered":"<p>A delegada Martha Rocha, da Coliga\u00e7\u00e3o \u201cUnidos pelo Rio\u201d (PDT \u2013 PSB), candidata mulher melhor colocada na pesquisa mais recente de inten\u00e7\u00e3o de votos nas elei\u00e7\u00f5es para a Prefeitura do Rio de Janeiro, participou, neste domingo (25), de uma manifesta\u00e7\u00e3o pelo Outubro Rosa.<\/p>\n<p>Acompanhada de seu vice, o produtor cultural Anderson Quack, a pedetista caminhou pela orla de Copacabana e conversou com as pessoas. Participaram da manifesta\u00e7\u00e3o, o presidente nacional do PDT, Carlos Lupi, e os deputados federais Alessandro Molon (PSB-RJ) e Paulo Ramos (PDT-RJ).<\/p>\n<p>Ao falar sobre a import\u00e2ncia da campanha do \u201cOutubro Rosa\u201d &#8211; de conscientiza\u00e7\u00e3o do C\u00e2ncer de Mama, a candidata a prefeita, que \u00e9 deputada estadual por duas legislaturas e presidente da Comiss\u00e3o de Sa\u00fade da Assembleia estadual, lembrou que as mulheres enfrentam longas filas para a realiza\u00e7\u00e3o do exame de mamografia na rede municipal. Problema que n\u00e3o foi solucionado por nenhum dos prefeitos que estiveram na fun\u00e7\u00e3o nos \u00faltimos 12 anos.<\/p>\n<p>&#8220;Conversei com uma senhora que est\u00e1 aguardando o exame h\u00e1 pelo menos dois anos. Isto \u00e9 um absurdo. A demora na realiza\u00e7\u00e3o de um exame t\u00e3o fundamental, pode ser uma senten\u00e7a de morte&#8221;.<\/p>\n<p>Martha Rocha reafirmou que est\u00e1 entre seus primeiros compromissos como prefeita: auditar contratos da \u00e1rea e suas despesas e melhorar, de imediato, o atendimento da Sa\u00fade do Rio, al\u00e9m de racionalizar o sistema de acompanhamento da vida dos usu\u00e1rios da rede p\u00fablica.<\/p>\n<p>&#8220;Vamos fortalecer a aten\u00e7\u00e3o b\u00e1sica, as cl\u00ednicas da fam\u00edlia e instituir o prontu\u00e1rio eletr\u00f4nico para que o m\u00e9dico conhe\u00e7a a vida do paciente. A gente vai estabelecer um comit\u00ea de monitoramento de gastos de contratos e de atendimento na \u00e1rea da sa\u00fade diretamente ligado ao gabinete da prefeita, disse Martha Rocha, lembrando que para melhorar a utiliza\u00e7\u00e3o dos recursos do Sistema \u00danico de Sa\u00fade (SUS) \u00e9 fundamental atuar na preven\u00e7\u00e3o \u00e0 corrup\u00e7\u00e3o.<br \/>\nPor onde passava, Martha recebeu o carinho de frequentadores da praia e moradores da regi\u00e3o. Muitos deles, ainda lembravam do tempo em que a candidata era delegada em Copa&#8221;.<\/p>\n<p>&#8220;Nossa prefeita, delegada Martha Rocha!&#8221;, comemorou uma antiga moradora do bairro, afirmando que participou com ela de reuni\u00f5es do conselho comunit\u00e1rio de seguran\u00e7a de Copacabana e que sempre admirou a atua\u00e7\u00e3o da Martha Rocha como policial civil, delegada e parlamentar.<\/p>\n<p>Nesta segunda-feira (26), a delegada Martha Rocha participa de duas caminhadas,\u00a0 a primeira, \u00e0s 10h, na Feira do Engenho Novo, depois, \u00e0s 12h, no Saara.<\/p>\n<!-- AddThis Advanced Settings generic via filter on the_content --><!-- AddThis Share Buttons generic via filter on the_content -->","protected":false},"excerpt":{"rendered":"<p>A delegada Martha Rocha, da Coliga\u00e7\u00e3o \u201cUnidos pelo Rio\u201d (PDT \u2013 PSB), candidata mulher melhor colocada na pesquisa mais recente de inten\u00e7\u00e3o de votos nas elei\u00e7\u00f5es para a Prefeitura do Rio de Janeiro, participou, neste domingo (25), de uma manifesta\u00e7\u00e3o pelo Outubro Rosa. Acompanhada de seu vice, o produtor cultural Anderson Quack, a pedetista caminhou&#8230;<!-- AddThis Advanced Settings generic via filter on wp_trim_excerpt --><!-- AddThis Share Buttons generic via filter on wp_trim_excerpt --><\/p>\n","protected":false},"author":17,"featured_media":74319,"comment_status":"closed","ping_status":"closed","sticky":false,"template":"","format":"standard","meta":{"_monsterinsights_skip_tracking":false,"_monsterinsights_sitenote_active":false,"_monsterinsights_sitenote_note":"","_monsterinsights_sitenote_category":0,"_uf_show_specific_survey":0,"_uf_disable_surveys":false,"footnotes":""},"categories":[1390],"tags":[196,2869,3136,3241,1340,900,4087],"class_list":["post-74318","post","type-post","status-publish","format-standard","has-post-thumbnail","hentry","category-editorias","tag-carlos-lupi","tag-martha-rocha","tag-outubro-rosa","tag-paulo-ramos","tag-sistema-unico-de-saude","tag-sus","tag-unidos-pelo-rio"],"acf":[],"_links":{"self":[{"href":"https:\/\/pdt-rj.org.br\/index.php\/wp-json\/wp\/v2\/posts\/74318","targetHints":{"allow":["GET"]}}],"collection":[{"href":"https:\/\/pdt-rj.org.br\/index.php\/wp-json\/wp\/v2\/posts"}],"about":[{"href":"https:\/\/pdt-rj.org.br\/index.php\/wp-json\/wp\/v2\/types\/post"}],"author":[{"embeddable":true,"href":"https:\/\/pdt-rj.org.br\/index.php\/wp-json\/wp\/v2\/users\/17"}],"replies":[{"embeddable":true,"href":"https:\/\/pdt-rj.org.br\/index.php\/wp-json\/wp\/v2\/comments?post=74318"}],"version-history":[{"count":3,"href":"https:\/\/pdt-rj.org.br\/index.php\/wp-json\/wp\/v2\/posts\/74318\/revisions"}],"predecessor-version":[{"id":74322,"href":"https:\/\/pdt-rj.org.br\/index.php\/wp-json\/wp\/v2\/posts\/74318\/revisions\/74322"}],"wp:featuredmedia":[{"embeddable":true,"href":"https:\/\/pdt-rj.org.br\/index.php\/wp-json\/wp\/v2\/media\/74319"}],"wp:attachment":[{"href":"https:\/\/pdt-rj.org.br\/index.php\/wp-json\/wp\/v2\/media?parent=74318"}],"wp:term":[{"taxonomy":"category","embeddable":true,"href":"https:\/\/pdt-rj.org.br\/index.php\/wp-json\/wp\/v2\/categories?post=74318"},{"taxonomy":"post_tag","embeddable":true,"href":"https:\/\/pdt-rj.org.br\/index.php\/wp-json\/wp\/v2\/tags?post=74318"}],"curies":[{"name":"wp","href":"https:\/\/api.w.org\/{rel}","templated":true}]}}