{"id":74237,"date":"2020-10-19T17:41:53","date_gmt":"2020-10-19T20:41:53","guid":{"rendered":"http:\/\/pdt-rj.org.br\/?p=74237"},"modified":"2022-07-16T08:13:42","modified_gmt":"2022-07-16T11:13:42","slug":"martha-rocha-impoe-vitoria-inedita-contra-fake-news","status":"publish","type":"post","link":"https:\/\/pdt-rj.org.br\/index.php\/martha-rocha-impoe-vitoria-inedita-contra-fake-news\/","title":{"rendered":"Martha Rocha imp\u00f5e vit\u00f3ria in\u00e9dita contra fake news"},"content":{"rendered":"<p><strong><em>Provocada pela candidata a prefeitura do Rio, Justi\u00e7a Eleitoral determina retirada de conte\u00fado falso das redes <\/em><\/strong><\/p>\n<p>A candidata \u00e0 prefeitura do Rio de Janeiro, delegada Martha Rocha, conseguiu uma significativa vit\u00f3ria contra a dissemina\u00e7\u00e3o de fakenews. Na \u00faltima sexta-feira (16), a Justi\u00e7a Eleitoral determinou que o Twitter retire do ar um v\u00eddeo de conte\u00fado falso disseminado para prejudicar a campanha da candidata do PDT. A decis\u00e3o judicial favor\u00e1vel a a\u00e7\u00e3o movida pela delegada \u00e9 in\u00e9dita na hist\u00f3ria pol\u00edtica brasileira.<\/p>\n<p>As publica\u00e7\u00f5es foram disparadas a partir de 20 perfis falsos, de forma artificial, ou seja, com o uso de rob\u00f4s e software espec\u00edfico para ampliar artificialmente a repercuss\u00e3o de determinado conte\u00fado de cunho eleitoral na internet. Todos os retuites realizados no ataque \u00e0 candidata do PDT eram de perfis assumidamente bolsonaristas, autodenominados de direita.<\/p>\n<p>\u201cAnalisando os autos se pode verificar que se trata de uma propaganda negativa da requerente, o que pode vir a acarretar um desequil\u00edbrio no pleito eleitoral e viola a igualdade entre os candidatos\u201d, declarou o juiz Fl\u00e1vio Silveira Quaresma, da 230\u00aa Zona Eleitoral, ao determinar que o Twitter Brasil Rede De Informa\u00e7\u00e3o Ltda. retire o v\u00eddeo do ar.<\/p>\n<p>Para comprovar que houve \u201cabuso de poder algor\u00edtmico\u201d, os advogados de Martha Rocha utilizaram o sistema \u201cBotometer\u201d, intelig\u00eancia artificial que, atrav\u00e9s de um sistema de pontua\u00e7\u00e3o calcula a probabilidade de um perfil ser na verdade um rob\u00f4.\u00a0 O sistema foi desenvolvido pelo Observatory on Social Media em parceria com o Network Science Institute da Universidade de Indiana.<\/p>\n<p>\u201cOs rob\u00f4s t\u00eam sido uma ferramenta frequente (e ilegal) na campanha virtual desde as elei\u00e7\u00f5es norte-americanas de 2016. Seu uso faz com que uma publica\u00e7\u00e3o, cujo n\u00famero de intera\u00e7\u00f5es foi artificialmente elevado, seja levada pelo algoritmo do Twitter a outros usu\u00e1rios \u2013 desta vez, perfis reais, eleitores de carne e osso\u201d, afirmaram os advogados V\u00e2nia Aieta e Marcelo Weick na representa\u00e7\u00e3o.<\/p>\n<p>Com base no Marco Civil da Internet (Lei n\u00ba 12.965\/2014), os advogados pediram que o Twitter repasse dados que possam garantir a identifica\u00e7\u00e3o dos respons\u00e1veis pela dissemina\u00e7\u00e3o. A a\u00e7\u00e3o afirma ainda que, al\u00e9m de ilegal, o ato praticado constitui abuso de poder de m\u00eddia e abuso e poder econ\u00f4mico, j\u00e1 que requer largo financiamento para acontecer.<\/p>\n<p>\u201cN\u00e3o pode passar despercebido, igualmente, o componente econ\u00f4mico que subsidia a problem\u00e1tica dos rob\u00f4s. \u00c9 poss\u00edvel que os softwares que desenham e programam os perfis falsos estejam sendo financiados ou remunerados por pessoas interessadas no resultado do pleito, podendo, eventualmente, estar caracterizado o abuso de poder econ\u00f4mico\u201d, concluiu a assessoria jur\u00eddica da candidata.<\/p>\n<!-- AddThis Advanced Settings generic via filter on the_content --><!-- AddThis Share Buttons generic via filter on the_content -->","protected":false},"excerpt":{"rendered":"<p>Provocada pela candidata a prefeitura do Rio, Justi\u00e7a Eleitoral determina retirada de conte\u00fado falso das redes A candidata \u00e0 prefeitura do Rio de Janeiro, delegada Martha Rocha, conseguiu uma significativa vit\u00f3ria contra a dissemina\u00e7\u00e3o de fakenews. Na \u00faltima sexta-feira (16), a Justi\u00e7a Eleitoral determinou que o Twitter retire do ar um v\u00eddeo de conte\u00fado falso&#8230;<!-- AddThis Advanced Settings generic via filter on wp_trim_excerpt --><!-- AddThis Share Buttons generic via filter on wp_trim_excerpt --><\/p>\n","protected":false},"author":17,"featured_media":60599,"comment_status":"closed","ping_status":"closed","sticky":false,"template":"","format":"standard","meta":{"_monsterinsights_skip_tracking":false,"_monsterinsights_sitenote_active":false,"_monsterinsights_sitenote_note":"","_monsterinsights_sitenote_category":0,"_uf_show_specific_survey":0,"_uf_disable_surveys":false,"footnotes":""},"categories":[1390,3327],"tags":[],"class_list":["post-74237","post","type-post","status-publish","format-standard","has-post-thumbnail","hentry","category-editorias","category-eleicoes-2020"],"acf":[],"_links":{"self":[{"href":"https:\/\/pdt-rj.org.br\/index.php\/wp-json\/wp\/v2\/posts\/74237","targetHints":{"allow":["GET"]}}],"collection":[{"href":"https:\/\/pdt-rj.org.br\/index.php\/wp-json\/wp\/v2\/posts"}],"about":[{"href":"https:\/\/pdt-rj.org.br\/index.php\/wp-json\/wp\/v2\/types\/post"}],"author":[{"embeddable":true,"href":"https:\/\/pdt-rj.org.br\/index.php\/wp-json\/wp\/v2\/users\/17"}],"replies":[{"embeddable":true,"href":"https:\/\/pdt-rj.org.br\/index.php\/wp-json\/wp\/v2\/comments?post=74237"}],"version-history":[{"count":6,"href":"https:\/\/pdt-rj.org.br\/index.php\/wp-json\/wp\/v2\/posts\/74237\/revisions"}],"predecessor-version":[{"id":82934,"href":"https:\/\/pdt-rj.org.br\/index.php\/wp-json\/wp\/v2\/posts\/74237\/revisions\/82934"}],"wp:featuredmedia":[{"embeddable":true,"href":"https:\/\/pdt-rj.org.br\/index.php\/wp-json\/wp\/v2\/media\/60599"}],"wp:attachment":[{"href":"https:\/\/pdt-rj.org.br\/index.php\/wp-json\/wp\/v2\/media?parent=74237"}],"wp:term":[{"taxonomy":"category","embeddable":true,"href":"https:\/\/pdt-rj.org.br\/index.php\/wp-json\/wp\/v2\/categories?post=74237"},{"taxonomy":"post_tag","embeddable":true,"href":"https:\/\/pdt-rj.org.br\/index.php\/wp-json\/wp\/v2\/tags?post=74237"}],"curies":[{"name":"wp","href":"https:\/\/api.w.org\/{rel}","templated":true}]}}