{"id":74214,"date":"2020-10-17T16:05:21","date_gmt":"2020-10-17T19:05:21","guid":{"rendered":"http:\/\/pdt-rj.org.br\/?p=74214"},"modified":"2020-10-27T16:35:19","modified_gmt":"2020-10-27T19:35:19","slug":"martha-rocha-propoe-reforma-administrativa-para-tirar-o-rio-de-janeiro-do-caos-instalado-pelos-ultimos-governos","status":"publish","type":"post","link":"https:\/\/pdt-rj.org.br\/index.php\/martha-rocha-propoe-reforma-administrativa-para-tirar-o-rio-de-janeiro-do-caos-instalado-pelos-ultimos-governos\/","title":{"rendered":"Martha Rocha prop\u00f5e reforma administrativa para tirar o Rio de Janeiro do caos instalado pelos \u00faltimos governos"},"content":{"rendered":"<p>Primeira mulher a se tornar delegada na cidade do Rio de Janeiro, a candidata a prefeitura da capital fluminense, Martha Rocha, foi a convidada especial do \u201cCaf\u00e9 com Lupi\u201d deste s\u00e1bado (17). Ao longo de quase uma hora de transmiss\u00e3o, a pedetista falou sobre o caos pol\u00edtico e administrativo instalado na cidade e apresentou suas propostas de governo para mudar essa realidade, dentre elas a retomada dos Centros Integrados de Ensino P\u00fablico (Cieps).<\/p>\n<p>Martha, atualmente deputada estadual, \u00e9 oriunda do servi\u00e7o p\u00fablico, da Pol\u00edcia Civil do Rio de Janeiro, de onde chegou a ser chefe-geral. Ela presenciou a cria\u00e7\u00e3o da delegacia da mulher no governo Leonel Brizola e o trabalho de L\u00edgia Doutel de Andrade a frente do Conselho Estadual do Direito da Mulher, o que tempos depois a levou a fazer parte dos quadros do PDT.<\/p>\n<p>\u201cEu acho que a gente foi crescendo, se envolvendo cada vez mais numa quest\u00e3o pol\u00edtica n\u00e3o partid\u00e1ria, at\u00e9 que depois que eu tinha sido chefe da Pol\u00edcia Civil, achei que estava pronta para mais um desafio <a> e seria natural que o meu pouso definitivo fosse no PDT\u201d, afirmou Martha Rocha.<\/p>\n<p>A realidade pol\u00edtico-administrativa do Rio de Janeiro foi sintetizada na fala da candidata como \u201ca capital dos esc\u00e2ndalos\u201d. Ela se refere ao motivo que arruinou os cofres p\u00fablicos nos \u00faltimos anos e deixou o carioca em total desassist\u00eancia. Com os \u00faltimos governadores do estado presos e o atual prefeito, Marcelo Crivela, envolvido em esc\u00e2ndalos com a Igreja Universal, Martha defende a necessidade de uma administra\u00e7\u00e3o que mitigue o estrago causado.<\/p>\n<p>\u201cA gente tem que cuidar da quest\u00e3o da economia, ter um plano de emerg\u00eancia para a economia cobrando dos bancos que devem a prefeitura, vendo a quest\u00e3o dos incentivos fiscais, [&#8230;] Temos que repensar as organiza\u00e7\u00f5es sociais que tem a tal da taxa de 10% de administra\u00e7\u00e3o e est\u00e3o a\u00ed diretamente envolvidas com a\u00e7\u00f5es da corrup\u00e7\u00e3o\u201d, explicou Martha.<\/p>\n<p>Na \u00e1rea da educa\u00e7\u00e3o, como n\u00e3o podia ser diferente, a candidata lembra os Cieps \u2013 melhor experi\u00eancia educacional j\u00e1 implantada no pa\u00eds. Em seu projeto de governo, resgatar o ensino integral de qualidade \u00e9 um dos objetivos imediatos. \u201cA retomada do conceito dos Cieps tem que ser um mantra do nosso governo. As nossas crian\u00e7as t\u00eam que ter uma escola de qualidade [&#8230;] Veja como isso \u00e9 uma vis\u00e3o de futuro: a concep\u00e7\u00e3o dos Cieps tinha esporte dentro da escola, sa\u00fade\u201d, afirma a Martha Rocha.<\/p>\n<p>Assista ao programa completo abaixo e saiba mais sobre as propostas de Matha Rocha para o Rio de Janeiro.<\/p>\n<p><iframe loading=\"lazy\" src=\"\/\/www.youtube.com\/embed\/6_rdEsesw9w\" width=\"956\" height=\"538\" frameborder=\"0\" allowfullscreen=\"allowfullscreen\"><\/iframe><\/p>\n<!-- AddThis Advanced Settings generic via filter on the_content --><!-- AddThis Share Buttons generic via filter on the_content -->","protected":false},"excerpt":{"rendered":"<p>Primeira mulher a se tornar delegada na cidade do Rio de Janeiro, a candidata a prefeitura da capital fluminense, Martha Rocha, foi a convidada especial do \u201cCaf\u00e9 com Lupi\u201d deste s\u00e1bado (17). Ao longo de quase uma hora de transmiss\u00e3o, a pedetista falou sobre o caos pol\u00edtico e administrativo instalado na cidade e apresentou suas&#8230;<!-- AddThis Advanced Settings generic via filter on wp_trim_excerpt --><!-- AddThis Share Buttons generic via filter on wp_trim_excerpt --><\/p>\n","protected":false},"author":17,"featured_media":74215,"comment_status":"closed","ping_status":"closed","sticky":false,"template":"","format":"standard","meta":{"_monsterinsights_skip_tracking":false,"_monsterinsights_sitenote_active":false,"_monsterinsights_sitenote_note":"","_monsterinsights_sitenote_category":0,"_uf_show_specific_survey":0,"_uf_disable_surveys":false,"footnotes":""},"categories":[1390,3327],"tags":[],"class_list":["post-74214","post","type-post","status-publish","format-standard","has-post-thumbnail","hentry","category-editorias","category-eleicoes-2020"],"acf":[],"_links":{"self":[{"href":"https:\/\/pdt-rj.org.br\/index.php\/wp-json\/wp\/v2\/posts\/74214","targetHints":{"allow":["GET"]}}],"collection":[{"href":"https:\/\/pdt-rj.org.br\/index.php\/wp-json\/wp\/v2\/posts"}],"about":[{"href":"https:\/\/pdt-rj.org.br\/index.php\/wp-json\/wp\/v2\/types\/post"}],"author":[{"embeddable":true,"href":"https:\/\/pdt-rj.org.br\/index.php\/wp-json\/wp\/v2\/users\/17"}],"replies":[{"embeddable":true,"href":"https:\/\/pdt-rj.org.br\/index.php\/wp-json\/wp\/v2\/comments?post=74214"}],"version-history":[{"count":6,"href":"https:\/\/pdt-rj.org.br\/index.php\/wp-json\/wp\/v2\/posts\/74214\/revisions"}],"predecessor-version":[{"id":74351,"href":"https:\/\/pdt-rj.org.br\/index.php\/wp-json\/wp\/v2\/posts\/74214\/revisions\/74351"}],"wp:featuredmedia":[{"embeddable":true,"href":"https:\/\/pdt-rj.org.br\/index.php\/wp-json\/wp\/v2\/media\/74215"}],"wp:attachment":[{"href":"https:\/\/pdt-rj.org.br\/index.php\/wp-json\/wp\/v2\/media?parent=74214"}],"wp:term":[{"taxonomy":"category","embeddable":true,"href":"https:\/\/pdt-rj.org.br\/index.php\/wp-json\/wp\/v2\/categories?post=74214"},{"taxonomy":"post_tag","embeddable":true,"href":"https:\/\/pdt-rj.org.br\/index.php\/wp-json\/wp\/v2\/tags?post=74214"}],"curies":[{"name":"wp","href":"https:\/\/api.w.org\/{rel}","templated":true}]}}