{"id":74198,"date":"2020-10-16T15:37:13","date_gmt":"2020-10-16T18:37:13","guid":{"rendered":"http:\/\/pdt-rj.org.br\/?p=74198"},"modified":"2020-10-26T17:09:15","modified_gmt":"2020-10-26T20:09:15","slug":"esse-governo-foi-eleito-sob-o-falso-messianismo-afirma-o-pastor-alexandre-goncalves","status":"publish","type":"post","link":"https:\/\/pdt-rj.org.br\/index.php\/esse-governo-foi-eleito-sob-o-falso-messianismo-afirma-o-pastor-alexandre-goncalves\/","title":{"rendered":"\u201cEsse governo foi eleito sob o falso messianismo\u201d, afirma o pastor Alexandre Gon\u00e7alves"},"content":{"rendered":"<p><strong><em>L\u00edder do Movimento Crist\u00e3os Trabalhistas, o pastor criticou o bolsonarismo no \u2018Quintas Trabalhistas\u2019<\/em><\/strong><\/p>\n<p>\u201cO bolsonarismo usa a estrutura do estado para impor uma moral exclusiva de um grupo\u201d, criticou o pastor, Alexandre Gon\u00e7alves, lideran\u00e7a do Movimento Crist\u00e3os Trabalhistas. Durante a edi\u00e7\u00e3o da \u201cQuintas Trabalhistas\u201d, neste dia 15 de outubro, o pedetista abordou o processo de estrutura\u00e7\u00e3o \u2013 e futura formaliza\u00e7\u00e3o \u2013 da nova organiza\u00e7\u00e3o do PDT: \u201cN\u00f3s entendemos que precis\u00e1vamos criar um movimento org\u00e2nico para contrapor essas ideias na mesma base.\u201d<\/p>\n<p>Durante o encontro virtual, mediado pelo presidente da Funda\u00e7\u00e3o Leonel Brizola \u2013 Alberto Pasqualini (FLB-AP), Manoel Dias, o religioso, que tamb\u00e9m \u00e9 policial rodovi\u00e1rio federal, mencionou que a sociedade est\u00e1 \u201catravessando o pior momento dentro da vida crist\u00e3\u201d e um dos fatores, que simbolizam o conjunto de instabilidades e retrocessos, \u00e9 a gest\u00e3o de Jair Bolsonaro.<\/p>\n<p>\u201cEsse governo foi eleito sob o falso messianismo de que representariam os valores do cristianismo contra um fantasma, criado h\u00e1 v\u00e1rios anos, e chamado de marxismo cultural\u201d, criticou, ao mencionar a deturpa\u00e7\u00e3o e imposi\u00e7\u00e3o de valores, pelo bolsonaristas, para promover o dom\u00ednio ideol\u00f3gico.<\/p>\n<p>\u201cO Evangelho de Jesus, resumido claramente em Mateus, nos cap\u00edtulos 5, 6 e 7, \u00e9 o oposto da mensagem de \u00f3dio pregada por esse pessoal que est\u00e1 no governo\u201d, acrescentou, durante debate que tamb\u00e9m teve as participa\u00e7\u00f5es do secret\u00e1rio nacional de Nuclea\u00e7\u00e3o, Leonardo Zumpichiatti, do ex-deputado federal, Wasny de Roure, e do ex-deputado distrital, Peniel Pacheco.<\/p>\n<p>Citando a crise sist\u00eamica capitaneada pelo presidente da Rep\u00fablica, Manoel Dias apontou a import\u00e2ncia dos valores e da representatividade do cristianismo ao contextualizar com as bandeiras do PDT.<\/p>\n<p>\u201cCristo \u00e9 amor, compreens\u00e3o e unidade. N\u00f3s temos que criar este movimento para que tamb\u00e9m lute pela revolu\u00e7\u00e3o, al\u00e9m de promover a an\u00e1lise e a cr\u00edtica\u201d, comentou, ao completar: \u201cA maioria da popula\u00e7\u00e3o, que \u00e9 exclu\u00edda, precisa ter acesso ao conhecimento atrav\u00e9s da educa\u00e7\u00e3o. E o cristianismo tem uma importante atua\u00e7\u00e3o em benef\u00edcio dos cidad\u00e3os.\u201d<\/p>\n<p><strong>Progresso<\/strong><\/p>\n<p>Em agosto deste ano, 771 filiados do PDT desencadearam, a partir do<strong><a href=\"http:\/\/pdt-rj.org.br\/wp-content\/uploads\/2020\/10\/Manifesto-do-Movimento-Crist\u00e3os-Trabalhistas-Outubro-de-2020.pdf\"> Manifesto do Movimento Crist\u00e3os Trabalhistas<\/a><\/strong>, a forma\u00e7\u00e3o do movimento, que est\u00e1 em processo de constitui\u00e7\u00e3o de dire\u00e7\u00f5es provis\u00f3rias em mais de nove estados. Posteriormente, ser\u00e1 solicitada a formaliza\u00e7\u00e3o, conforme exig\u00eancia do estatuto, para a Dire\u00e7\u00e3o Nacional.<\/p>\n<p>\u201cDefendemos, com todas as nossas for\u00e7as, um estado laico, onde todas as religi\u00f5es, cren\u00e7as e aus\u00eancia de cren\u00e7as sejam protegidas, respeitadas bem como seus lugares de culto sejam resguardados contra toda a forma de viol\u00eancia, ataques, discrimina\u00e7\u00e3o e vilip\u00eandio\u201d, aponta o documento.<\/p>\n<p>Acompanhe o debate na \u00edntegra:<\/p>\n<p><iframe loading=\"lazy\" title=\"Quintas Trabalhistas - Representatividade Crist\u00e3 na luta pela Democracia\" width=\"640\" height=\"360\" src=\"https:\/\/www.youtube.com\/embed\/sPG2BKBdChU?feature=oembed\" frameborder=\"0\" allow=\"accelerometer; autoplay; clipboard-write; encrypted-media; gyroscope; picture-in-picture; web-share\" referrerpolicy=\"strict-origin-when-cross-origin\" allowfullscreen><\/iframe><\/p>\n<!-- AddThis Advanced Settings generic via filter on the_content --><!-- AddThis Share Buttons generic via filter on the_content -->","protected":false},"excerpt":{"rendered":"<p>L\u00edder do Movimento Crist\u00e3os Trabalhistas, o pastor criticou o bolsonarismo no \u2018Quintas Trabalhistas\u2019 \u201cO bolsonarismo usa a estrutura do estado para impor uma moral exclusiva de um grupo\u201d, criticou o pastor, Alexandre Gon\u00e7alves, lideran\u00e7a do Movimento Crist\u00e3os Trabalhistas. Durante a edi\u00e7\u00e3o da \u201cQuintas Trabalhistas\u201d, neste dia 15 de outubro, o pedetista abordou o processo de&#8230;<!-- AddThis Advanced Settings generic via filter on wp_trim_excerpt --><!-- AddThis Share Buttons generic via filter on wp_trim_excerpt --><\/p>\n","protected":false},"author":17,"featured_media":74199,"comment_status":"closed","ping_status":"closed","sticky":false,"template":"","format":"standard","meta":{"_monsterinsights_skip_tracking":false,"_monsterinsights_sitenote_active":false,"_monsterinsights_sitenote_note":"","_monsterinsights_sitenote_category":0,"_uf_show_specific_survey":0,"_uf_disable_surveys":false,"footnotes":""},"categories":[1390,4077,1397],"tags":[4072,426,591,4028,4074,4075,4073],"class_list":["post-74198","post","type-post","status-publish","format-standard","has-post-thumbnail","hentry","category-editorias","category-movimento-cristaos-trabalhistas","category-movimentos","tag-alexandre-goncalves","tag-fundacao-leonel-brizola-alberto-pasqualini","tag-manoel-dias","tag-movimento-cristaos-trabalhistas","tag-peniel-pacheco","tag-quintas-trabalhistas","tag-wasny-de-roure"],"acf":[],"_links":{"self":[{"href":"https:\/\/pdt-rj.org.br\/index.php\/wp-json\/wp\/v2\/posts\/74198","targetHints":{"allow":["GET"]}}],"collection":[{"href":"https:\/\/pdt-rj.org.br\/index.php\/wp-json\/wp\/v2\/posts"}],"about":[{"href":"https:\/\/pdt-rj.org.br\/index.php\/wp-json\/wp\/v2\/types\/post"}],"author":[{"embeddable":true,"href":"https:\/\/pdt-rj.org.br\/index.php\/wp-json\/wp\/v2\/users\/17"}],"replies":[{"embeddable":true,"href":"https:\/\/pdt-rj.org.br\/index.php\/wp-json\/wp\/v2\/comments?post=74198"}],"version-history":[{"count":10,"href":"https:\/\/pdt-rj.org.br\/index.php\/wp-json\/wp\/v2\/posts\/74198\/revisions"}],"predecessor-version":[{"id":74210,"href":"https:\/\/pdt-rj.org.br\/index.php\/wp-json\/wp\/v2\/posts\/74198\/revisions\/74210"}],"wp:featuredmedia":[{"embeddable":true,"href":"https:\/\/pdt-rj.org.br\/index.php\/wp-json\/wp\/v2\/media\/74199"}],"wp:attachment":[{"href":"https:\/\/pdt-rj.org.br\/index.php\/wp-json\/wp\/v2\/media?parent=74198"}],"wp:term":[{"taxonomy":"category","embeddable":true,"href":"https:\/\/pdt-rj.org.br\/index.php\/wp-json\/wp\/v2\/categories?post=74198"},{"taxonomy":"post_tag","embeddable":true,"href":"https:\/\/pdt-rj.org.br\/index.php\/wp-json\/wp\/v2\/tags?post=74198"}],"curies":[{"name":"wp","href":"https:\/\/api.w.org\/{rel}","templated":true}]}}