{"id":74195,"date":"2020-10-16T14:44:08","date_gmt":"2020-10-16T17:44:08","guid":{"rendered":"http:\/\/pdt-rj.org.br\/?p=74195"},"modified":"2020-10-24T19:20:58","modified_gmt":"2020-10-24T22:20:58","slug":"pl-do-deputado-wolney-queiroz-cria-regras-para-distribuicao-da-vacina-contra-a-covid-19-priorizando-grupos-de-risco","status":"publish","type":"post","link":"https:\/\/pdt-rj.org.br\/index.php\/pl-do-deputado-wolney-queiroz-cria-regras-para-distribuicao-da-vacina-contra-a-covid-19-priorizando-grupos-de-risco\/","title":{"rendered":"PL do deputado Wolney Queiroz cria regras para distribui\u00e7\u00e3o da vacina contra a Covid-19 priorizando grupos de risco"},"content":{"rendered":"<p>O mundo est\u00e1 prestes a ter a principal arma de combate \u00e0 Covid-19. De acordo com a Organiza\u00e7\u00e3o Mundial da Sa\u00fade (OMS), uma vacina contra o coronav\u00edrus deve ser disponibilizada entre dezembro deste ano e o in\u00edcio de 2021. A novidade levanta uma quest\u00e3o crucial: quem tem prioridade na imuniza\u00e7\u00e3o? O deputado federal Wolney Queiroz (PDT-PE) elaborou um Projeto de Lei que responde a essa pergunta.<\/p>\n<p>O Projeto de Lei 3982\/20 estabelece as regras para a vacina\u00e7\u00e3o contra a Covid-19 quando a vacina estiver dispon\u00edvel. A proposta, que tramita na C\u00e2mara dos Deputados, determina que o Minist\u00e9rio da Sa\u00fade distribuir\u00e1 a vacina em prazo m\u00e1ximo 15 dias ap\u00f3s a aprova\u00e7\u00e3o pela OMS.<\/p>\n<p>De acordo com o PL, a vacina\u00e7\u00e3o atender\u00e1 a seguinte ordem de prioridade: profissionais das \u00e1rea de sa\u00fade e seguran\u00e7a p\u00fablica, pessoas com idade acima de 60 anos, pessoas do grupo de risco da Covid-19 (como cardiopatas e obesos), profissionais de escolas p\u00fablicas e privadas, pessoas que atendem o p\u00fablico em locais p\u00fablicos e privados, jornalistas e pessoas saud\u00e1veis de idade inferior a 60 anos.<\/p>\n<p>\u201cTendo em vista a circula\u00e7\u00e3o do novo coronav\u00edrus, de contamina\u00e7\u00e3o perigosa, silenciosa e r\u00e1pida pelo contato social, faz-se necess\u00e1rio imunizar prioritariamente as pessoas que, por for\u00e7a de sua atividade laboral, entram em contato direto com outras pessoas, de forma frequente\u201d, disse o deputado Wolney Queiroz, autor do projeto, \u00e0 Ag\u00eancia C\u00e2mara de Not\u00edcias.<\/p>\n<p>Atualmente, 213 candidatas \u00e0 vacina contra a covid-19 est\u00e3o em desenvolvimento. Dessas, 36 est\u00e3o no est\u00e1gio de pesquisa cl\u00ednica, que envolve testes com seres humanos \u2014 nesse grupo, h\u00e1 nove imunizantes na fase 3 dos estudos, a \u00faltima etapa antes da aprova\u00e7\u00e3o final pelas ag\u00eancias regulat\u00f3rias dos pa\u00edses.<\/p>\n<p>Ainda que haja uma vacina dispon\u00edvel at\u00e9 o in\u00edcio do ano que vem, como previsto, \u00e9 fundamental a exist\u00eancia de um cronograma de vacina\u00e7\u00e3o que priorize o p\u00fablico de maior risco. Isso porque, ap\u00f3s aprovado, bilh\u00f5es de dozes do imunizante devem ser produzidas para atender toda a popula\u00e7\u00e3o mundial, o que levar\u00e1 tempo. Ou seja, a distribui\u00e7\u00e3o ser\u00e1 paulatina em conformidade com a oferta de material.<\/p>\n<p>&nbsp;<\/p>\n<p>Com informa\u00e7\u00f5es da BBC e da Ag\u00eancia C\u00e2mara de Not\u00edcias<\/p>\n<!-- AddThis Advanced Settings generic via filter on the_content --><!-- AddThis Share Buttons generic via filter on the_content -->","protected":false},"excerpt":{"rendered":"<p>O mundo est\u00e1 prestes a ter a principal arma de combate \u00e0 Covid-19. De acordo com a Organiza\u00e7\u00e3o Mundial da Sa\u00fade (OMS), uma vacina contra o coronav\u00edrus deve ser disponibilizada entre dezembro deste ano e o in\u00edcio de 2021. A novidade levanta uma quest\u00e3o crucial: quem tem prioridade na imuniza\u00e7\u00e3o? O deputado federal Wolney Queiroz&#8230;<!-- AddThis Advanced Settings generic via filter on wp_trim_excerpt --><!-- AddThis Share Buttons generic via filter on wp_trim_excerpt --><\/p>\n","protected":false},"author":17,"featured_media":70323,"comment_status":"closed","ping_status":"closed","sticky":false,"template":"","format":"standard","meta":{"_monsterinsights_skip_tracking":false,"_monsterinsights_sitenote_active":false,"_monsterinsights_sitenote_note":"","_monsterinsights_sitenote_category":0,"_uf_show_specific_survey":0,"_uf_disable_surveys":false,"footnotes":""},"categories":[1390,1459],"tags":[1526,3348,964],"class_list":["post-74195","post","type-post","status-publish","format-standard","has-post-thumbnail","hentry","category-editorias","category-congresso","tag-congresso-nacional","tag-covid-19","tag-wolney-queiroz"],"acf":[],"_links":{"self":[{"href":"https:\/\/pdt-rj.org.br\/index.php\/wp-json\/wp\/v2\/posts\/74195","targetHints":{"allow":["GET"]}}],"collection":[{"href":"https:\/\/pdt-rj.org.br\/index.php\/wp-json\/wp\/v2\/posts"}],"about":[{"href":"https:\/\/pdt-rj.org.br\/index.php\/wp-json\/wp\/v2\/types\/post"}],"author":[{"embeddable":true,"href":"https:\/\/pdt-rj.org.br\/index.php\/wp-json\/wp\/v2\/users\/17"}],"replies":[{"embeddable":true,"href":"https:\/\/pdt-rj.org.br\/index.php\/wp-json\/wp\/v2\/comments?post=74195"}],"version-history":[{"count":2,"href":"https:\/\/pdt-rj.org.br\/index.php\/wp-json\/wp\/v2\/posts\/74195\/revisions"}],"predecessor-version":[{"id":74197,"href":"https:\/\/pdt-rj.org.br\/index.php\/wp-json\/wp\/v2\/posts\/74195\/revisions\/74197"}],"wp:featuredmedia":[{"embeddable":true,"href":"https:\/\/pdt-rj.org.br\/index.php\/wp-json\/wp\/v2\/media\/70323"}],"wp:attachment":[{"href":"https:\/\/pdt-rj.org.br\/index.php\/wp-json\/wp\/v2\/media?parent=74195"}],"wp:term":[{"taxonomy":"category","embeddable":true,"href":"https:\/\/pdt-rj.org.br\/index.php\/wp-json\/wp\/v2\/categories?post=74195"},{"taxonomy":"post_tag","embeddable":true,"href":"https:\/\/pdt-rj.org.br\/index.php\/wp-json\/wp\/v2\/tags?post=74195"}],"curies":[{"name":"wp","href":"https:\/\/api.w.org\/{rel}","templated":true}]}}