{"id":74154,"date":"2020-10-15T11:31:46","date_gmt":"2020-10-15T14:31:46","guid":{"rendered":"http:\/\/pdt-rj.org.br\/?p=74154"},"modified":"2020-10-19T17:43:10","modified_gmt":"2020-10-19T20:43:10","slug":"pdt-lanca-plataforma-trabalhistas-para-conectar-candidatos-e-eleitores-em-2020","status":"publish","type":"post","link":"https:\/\/pdt-rj.org.br\/index.php\/pdt-lanca-plataforma-trabalhistas-para-conectar-candidatos-e-eleitores-em-2020\/","title":{"rendered":"PDT lan\u00e7a plataforma Trabalhistas para conectar candidatos e eleitores em 2020"},"content":{"rendered":"<p>O PDT lan\u00e7ou nessa quarta-feira (14), a plataforma <strong><a href=\"https:\/\/trabalhistas.pdt.org.br\/\">Trabalhistas<\/a><\/strong>, projeto 100% digital que re\u00fane em um site todas as candidaturas do partido nas elei\u00e7\u00f5es municipais deste ano. A proposta, que j\u00e1 est\u00e1 no ar, foi a solu\u00e7\u00e3o encontrada pelo partido n\u00e3o s\u00f3 para os candidatos, mas principalmente aos eleitores neste momento de campanha eleitoral em meio \u00e0 pandemia do novo Coronav\u00edrus.<\/p>\n<p>O grande diferencial da ferramenta \u00e9 que eleitores e candidatos poder\u00e3o interagir de forma org\u00e2nica. Ela funciona como uma grande rede social, onde os candidatos poder\u00e3o <strong>acessar guias de campanha de digital, obter materiais de campanha e ainda disponibilizar sua plataforma, v\u00eddeos e tudo mais relacionado ao pleito de 2020.<\/strong> J\u00e1 os eleitores poder\u00e3o consultar, de forma r\u00e1pida, os candidatos pedetistas de suas cidades e interagir e ajudar na dissemina\u00e7\u00e3o do conte\u00fado de seus candidatos.<\/p>\n<p>\u201cA ideia surgiu devido ao grande desafio deste ano de fazer campanha em meio \u00e0 uma pandemia. N\u00e3o pode haver aglomera\u00e7\u00e3o, e todo contato f\u00edsico que uma campanha municipal demanda, n\u00e3o poder\u00e1 ser feito\u201d, afirmou o presidente Nacional do PDT, Carlos Lupi.<\/p>\n<p>Trabalhistas tamb\u00e9m inova ao disponibilizar aos mais de 28 mil candidatos pedetistas diversas informa\u00e7\u00f5es \u00fateis para o processo eleitoral. O mais importante \u00e9 um guia criado com informa\u00e7\u00f5es do Tribunal Superior Eleitoral (TSE) para nortear as a\u00e7\u00f5es digitais, respeitando todas as normais impostas pelo TSE.<\/p>\n<p>\u201cEm tempos de campanhas digitais por conta do distanciamento social \u00e9 fundamental que mostremos aos nossos candidatos como combater, por exemplo, fake news. L\u00e1, eles encontram todas as informa\u00e7\u00f5es relativas n\u00e3o somente a este assunto, mas muitos outros. Criamos tamb\u00e9m guia de 12 sugest\u00f5es de tarefas necess\u00e1rias aos <strong>eleitores<\/strong> para levar as bandeiras que defendemos para todo territ\u00f3rio nacional\u201d, garantiu Lupi.<\/p>\n<p>No ar desde o \u00faltimo dia 14, a plataforma pode ser acessada em <strong><a href=\"https:\/\/trabalhistas.pdt.org.br\/\">trabalhistas.pdt.org.br.<\/a><\/strong><\/p>\n<p>&nbsp;<\/p>\n<!-- AddThis Advanced Settings generic via filter on the_content --><!-- AddThis Share Buttons generic via filter on the_content -->","protected":false},"excerpt":{"rendered":"<p>O PDT lan\u00e7ou nessa quarta-feira (14), a plataforma Trabalhistas, projeto 100% digital que re\u00fane em um site todas as candidaturas do partido nas elei\u00e7\u00f5es municipais deste ano. A proposta, que j\u00e1 est\u00e1 no ar, foi a solu\u00e7\u00e3o encontrada pelo partido n\u00e3o s\u00f3 para os candidatos, mas principalmente aos eleitores neste momento de campanha eleitoral em&#8230;<!-- AddThis Advanced Settings generic via filter on wp_trim_excerpt --><!-- AddThis Share Buttons generic via filter on wp_trim_excerpt --><\/p>\n","protected":false},"author":17,"featured_media":74155,"comment_status":"closed","ping_status":"closed","sticky":false,"template":"","format":"standard","meta":{"_monsterinsights_skip_tracking":false,"_monsterinsights_sitenote_active":false,"_monsterinsights_sitenote_note":"","_monsterinsights_sitenote_category":0,"_uf_show_specific_survey":0,"_uf_disable_surveys":false,"footnotes":""},"categories":[1390,3327,1401],"tags":[196,3316,3336,1255,923,926],"class_list":["post-74154","post","type-post","status-publish","format-standard","has-post-thumbnail","hentry","category-editorias","category-eleicoes-2020","category-nacional","tag-carlos-lupi","tag-coronavirus","tag-eleicoes-2020","tag-trabalhistas","tag-tribunal-superior-eleitoral","tag-tse"],"acf":[],"_links":{"self":[{"href":"https:\/\/pdt-rj.org.br\/index.php\/wp-json\/wp\/v2\/posts\/74154","targetHints":{"allow":["GET"]}}],"collection":[{"href":"https:\/\/pdt-rj.org.br\/index.php\/wp-json\/wp\/v2\/posts"}],"about":[{"href":"https:\/\/pdt-rj.org.br\/index.php\/wp-json\/wp\/v2\/types\/post"}],"author":[{"embeddable":true,"href":"https:\/\/pdt-rj.org.br\/index.php\/wp-json\/wp\/v2\/users\/17"}],"replies":[{"embeddable":true,"href":"https:\/\/pdt-rj.org.br\/index.php\/wp-json\/wp\/v2\/comments?post=74154"}],"version-history":[{"count":9,"href":"https:\/\/pdt-rj.org.br\/index.php\/wp-json\/wp\/v2\/posts\/74154\/revisions"}],"predecessor-version":[{"id":74217,"href":"https:\/\/pdt-rj.org.br\/index.php\/wp-json\/wp\/v2\/posts\/74154\/revisions\/74217"}],"wp:featuredmedia":[{"embeddable":true,"href":"https:\/\/pdt-rj.org.br\/index.php\/wp-json\/wp\/v2\/media\/74155"}],"wp:attachment":[{"href":"https:\/\/pdt-rj.org.br\/index.php\/wp-json\/wp\/v2\/media?parent=74154"}],"wp:term":[{"taxonomy":"category","embeddable":true,"href":"https:\/\/pdt-rj.org.br\/index.php\/wp-json\/wp\/v2\/categories?post=74154"},{"taxonomy":"post_tag","embeddable":true,"href":"https:\/\/pdt-rj.org.br\/index.php\/wp-json\/wp\/v2\/tags?post=74154"}],"curies":[{"name":"wp","href":"https:\/\/api.w.org\/{rel}","templated":true}]}}