{"id":74142,"date":"2020-10-14T23:32:48","date_gmt":"2020-10-15T02:32:48","guid":{"rendered":"http:\/\/pdt-rj.org.br\/?p=74142"},"modified":"2020-10-14T23:34:40","modified_gmt":"2020-10-15T02:34:40","slug":"martha-rocha-conversa-com-moradores-de-santa-cruz-e-campo-grande-e-fala-sobre-as-acoes-para-melhorar-a-saude-na-zona-oeste-do-rio-de-janeiro","status":"publish","type":"post","link":"https:\/\/pdt-rj.org.br\/index.php\/martha-rocha-conversa-com-moradores-de-santa-cruz-e-campo-grande-e-fala-sobre-as-acoes-para-melhorar-a-saude-na-zona-oeste-do-rio-de-janeiro\/","title":{"rendered":"Martha Rocha conversa com moradores de Santa Cruz e Campo Grande e fala sobre as a\u00e7\u00f5es para melhorar a sa\u00fade na zona oeste do Rio de Janeiro"},"content":{"rendered":"<p>A delegada Martha Rocha (PDT-RJ), candidata \u00e0 Prefeitura do Rio de Janeiro, caminhou nesta quarta-feira (14) pelas ruas de Santa Cruz e Campo Grande, dois dos bairros mais populosos da cidade, onde vivem aproximadamente\u00a0 550 mil pessoas.\u00a0 A cerca de 50 quil\u00f4metros do Centro da cidade, seus moradores est\u00e3o entre os que mais sofrem com os problemas de mobilidade urbana do Rio, com a falta de atendimento b\u00e1sico na sa\u00fade e de oportunidades de trabalho.<\/p>\n<p>&#8220;Apesar dos Jogos Ol\u00edmpicos e da Copa, a Transbrasil n\u00e3o foi conclu\u00edda e h\u00e1 quatro anos os moradores desta regi\u00e3o sofrem com o tr\u00e2nsito ca\u00f3tico da Avenida Brasil e com a falta de transportes. Cerca de 40% das esta\u00e7\u00f5es do BRT est\u00e3o danificadas e abandonadas. A cidad\u00e3 e o cidad\u00e3o da Zona Oeste perdem em torno de 17% do seu tempo, da sua jornada de trabalho, em deslocamento.&#8221;<\/p>\n<p>Martha lembrou ainda que t\u00e3o grave quanto a p\u00e9ssima qualidade do transporte p\u00fablico na regi\u00e3o, \u00e9 a sa\u00fade na rede municipal do Sistema \u00danico de Sa\u00fade (SUS) que, nos os \u00faltimos anos, tem piorado, com a redu\u00e7\u00e3o de programas na aten\u00e7\u00e3o b\u00e1sica.<\/p>\n<p>&#8220;A Sa\u00fade da Mulher \u00e9 o retrato mais duro da sa\u00fade no Rio de Janeiro. Enquanto a mortalidade materna no Brasil \u00e9 de 61 mortes para cem mil mulheres, a taxa em Santa Cruz \u00e9 de mais de 160 mortes por cem mil habitantes. Precisamos fortalecer a aten\u00e7\u00e3o b\u00e1sica, ampliar a cobertura das clinicas da fam\u00edlia, e instituir o prontu\u00e1rio eletr\u00f4nico, para que o m\u00e9dico conhe\u00e7a a vida de cada paciente&#8221;.<\/p>\n<p>A proposta da Martha Rocha prefeita do Rio \u00e9 usar os recursos para a sa\u00fade com o respeito que o carioca merece.<\/p>\n<p>&#8220;Vamos centralizar as compras para acabar com a corrup\u00e7\u00e3o e a aquisi\u00e7\u00e3o de produtos de baixa qualidade, que s\u00e3o fatos que marcaram as \u00faltimas administra\u00e7\u00f5es. A gente vai estabelecer um comit\u00ea de monitoramento de gastos, de contratos e de atendimento na \u00e1rea da sa\u00fade. Esse controle total ser\u00e1 diretamente ligado ao meu gabinete. Na nossa gest\u00e3o n\u00e3o vai ter mais diretor de OS desviando inje\u00e7\u00e3o para aplicar rem\u00e9dio em cavalo em fazenda, como foi mostrado uma vez pelo Fant\u00e1stico. Vamos dar um basta na corrup\u00e7\u00e3o na sa\u00fade!&#8221;<\/p>\n<p>Martha defendeu ainda um plano de desenvolvimento econ\u00f4mico para a regi\u00e3o:<\/p>\n<p>&#8220;Vamos fazer o Complexo Industrial da Sa\u00fade. N\u00f3s temos convic\u00e7\u00e3o de que vamos poder produzir medicamentos, insumos e equipamentos, gerando emprego e desenvolvimento para a cidade do Rio de Janeiro, com um foco especial aqui para a Zona Oeste&#8221;.<\/p>\n<p><strong>Agenda<\/strong><\/p>\n<p>Nesta quinta-feira (14), \u00e0s 10h &#8211; A candidata realiza uma caminhada na Pavuna. Sa\u00edda: esta\u00e7\u00e3o do Metr\u00f4.<\/p>\n<!-- AddThis Advanced Settings generic via filter on the_content --><!-- AddThis Share Buttons generic via filter on the_content -->","protected":false},"excerpt":{"rendered":"<p>A delegada Martha Rocha (PDT-RJ), candidata \u00e0 Prefeitura do Rio de Janeiro, caminhou nesta quarta-feira (14) pelas ruas de Santa Cruz e Campo Grande, dois dos bairros mais populosos da cidade, onde vivem aproximadamente\u00a0 550 mil pessoas.\u00a0 A cerca de 50 quil\u00f4metros do Centro da cidade, seus moradores est\u00e3o entre os que mais sofrem com&#8230;<!-- AddThis Advanced Settings generic via filter on wp_trim_excerpt --><!-- AddThis Share Buttons generic via filter on wp_trim_excerpt --><\/p>\n","protected":false},"author":17,"featured_media":74151,"comment_status":"closed","ping_status":"closed","sticky":false,"template":"","format":"standard","meta":{"_monsterinsights_skip_tracking":false,"_monsterinsights_sitenote_active":false,"_monsterinsights_sitenote_note":"","_monsterinsights_sitenote_category":0,"_uf_show_specific_survey":0,"_uf_disable_surveys":false,"footnotes":""},"categories":[1390],"tags":[4063,1015,4064,2869,629,2358,1798,1340,900,4065],"class_list":["post-74142","post","type-post","status-publish","format-standard","has-post-thumbnail","hentry","category-editorias","tag-atendimento-basico-na-saude","tag-brt","tag-jogos-olimpicos","tag-martha-rocha","tag-mobilidade-urbana","tag-oportunidades-de-trabalho","tag-rio-de-janeiro-rj","tag-sistema-unico-de-saude","tag-sus","tag-transbrasil"],"acf":[],"_links":{"self":[{"href":"https:\/\/pdt-rj.org.br\/index.php\/wp-json\/wp\/v2\/posts\/74142","targetHints":{"allow":["GET"]}}],"collection":[{"href":"https:\/\/pdt-rj.org.br\/index.php\/wp-json\/wp\/v2\/posts"}],"about":[{"href":"https:\/\/pdt-rj.org.br\/index.php\/wp-json\/wp\/v2\/types\/post"}],"author":[{"embeddable":true,"href":"https:\/\/pdt-rj.org.br\/index.php\/wp-json\/wp\/v2\/users\/17"}],"replies":[{"embeddable":true,"href":"https:\/\/pdt-rj.org.br\/index.php\/wp-json\/wp\/v2\/comments?post=74142"}],"version-history":[{"count":1,"href":"https:\/\/pdt-rj.org.br\/index.php\/wp-json\/wp\/v2\/posts\/74142\/revisions"}],"predecessor-version":[{"id":74152,"href":"https:\/\/pdt-rj.org.br\/index.php\/wp-json\/wp\/v2\/posts\/74142\/revisions\/74152"}],"wp:featuredmedia":[{"embeddable":true,"href":"https:\/\/pdt-rj.org.br\/index.php\/wp-json\/wp\/v2\/media\/74151"}],"wp:attachment":[{"href":"https:\/\/pdt-rj.org.br\/index.php\/wp-json\/wp\/v2\/media?parent=74142"}],"wp:term":[{"taxonomy":"category","embeddable":true,"href":"https:\/\/pdt-rj.org.br\/index.php\/wp-json\/wp\/v2\/categories?post=74142"},{"taxonomy":"post_tag","embeddable":true,"href":"https:\/\/pdt-rj.org.br\/index.php\/wp-json\/wp\/v2\/tags?post=74142"}],"curies":[{"name":"wp","href":"https:\/\/api.w.org\/{rel}","templated":true}]}}