{"id":74109,"date":"2020-10-12T20:53:53","date_gmt":"2020-10-12T23:53:53","guid":{"rendered":"http:\/\/pdt-rj.org.br\/?p=74109"},"modified":"2020-10-12T20:54:55","modified_gmt":"2020-10-12T23:54:55","slug":"martha-rocha-conversa-com-moradores-na-praca-maua-rj-e-critica-falta-de-investimentos-na-providencia","status":"publish","type":"post","link":"https:\/\/pdt-rj.org.br\/index.php\/martha-rocha-conversa-com-moradores-na-praca-maua-rj-e-critica-falta-de-investimentos-na-providencia\/","title":{"rendered":"Martha Rocha conversa com moradores na Pra\u00e7a Mau\u00e1 (RJ) e critica falta de investimentos na Provid\u00eancia"},"content":{"rendered":"<p>A candidata \u00e0 Prefeitura do Rio de Janeiro pela coliga\u00e7\u00e3o \u201cUnidos pelo Rio\u201d (PDT-PSB), delegada Martha Rocha, caminhou nesta segunda-feira pela regi\u00e3o portu\u00e1ria. Ao visitar \u00e0 Pra\u00e7a Mau\u00e1, a candidata ouviu eleitores e criticou a falta de investimentos no Morro da Provid\u00eancia, que fica em frente a um dos pontos mais beneficiados pelos investimentos que a cidade recebeu para as Olimp\u00edadas do Rio de Janeiro.<\/p>\n<p>&#8220;Eu digo que aqui se construiu os dois museus, mas a Prefeitura n\u00e3o atravessou a pista e foi at\u00e9 a Provid\u00eancia&#8221;, afirmou Martha.<\/p>\n<p>A candidata defende novos investimentos na regi\u00e3o, desta vez, para atender aos moradores locais e ao desenvolvimento econ\u00f4mico da cidade.<\/p>\n<p>&#8220;Especificamente para esta regi\u00e3o, a gente tem o projeto estruturante que \u00e9 o Porto-Cidade Criativa. Neste projeto, a gente quer trazer um novo olhar para a economia da cidade do Rio de Janeiro. Investimentos em startup, em tecnologia da inova\u00e7\u00e3o, fazendo deste local, um espa\u00e7o para este tipo de atividade econ\u00f4mica. N\u00f3s temos um d\u00e9bito com esta regi\u00e3o na quest\u00e3o da habita\u00e7\u00e3o. Esta regi\u00e3o tem v\u00e1rios pr\u00e9dios vazios, que podem ser utilizados para projetos de habita\u00e7\u00e3o de interesse social.<\/p>\n<p>Segundo Martha, o Centro da cidade tamb\u00e9m est\u00e1 inserido em outro projeto estruturante de sua administra\u00e7\u00e3o, o \u201cTerrit\u00f3rios Seguros\u201d.<\/p>\n<p>&#8220;Esta regi\u00e3o do Porto \u00e9 fundamental porque o turismo come\u00e7a aqui. A pandemia vai nos obrigar a ter um outro olhar para o turismo e trazer para esta regi\u00e3o da cidade uma economia criativa, investindo em tecnologia e pensando tamb\u00e9m na ocupa\u00e7\u00e3o destes espa\u00e7os. Vamos reverter esta defici\u00eancia na economia e apontar novos caminhos para a cidade do Rio de Janeiro.&#8221;<\/p>\n<p>Mais cedo, a candidata participou de uma missa na Igreja da Penha.<\/p>\n<!-- AddThis Advanced Settings generic via filter on the_content --><!-- AddThis Share Buttons generic via filter on the_content -->","protected":false},"excerpt":{"rendered":"<p>A candidata \u00e0 Prefeitura do Rio de Janeiro pela coliga\u00e7\u00e3o \u201cUnidos pelo Rio\u201d (PDT-PSB), delegada Martha Rocha, caminhou nesta segunda-feira pela regi\u00e3o portu\u00e1ria. Ao visitar \u00e0 Pra\u00e7a Mau\u00e1, a candidata ouviu eleitores e criticou a falta de investimentos no Morro da Provid\u00eancia, que fica em frente a um dos pontos mais beneficiados pelos investimentos que&#8230;<!-- AddThis Advanced Settings generic via filter on wp_trim_excerpt --><!-- AddThis Share Buttons generic via filter on wp_trim_excerpt --><\/p>\n","protected":false},"author":17,"featured_media":74110,"comment_status":"closed","ping_status":"closed","sticky":false,"template":"","format":"standard","meta":{"_monsterinsights_skip_tracking":false,"_monsterinsights_sitenote_active":false,"_monsterinsights_sitenote_note":"","_monsterinsights_sitenote_category":0,"_uf_show_specific_survey":0,"_uf_disable_surveys":false,"footnotes":""},"categories":[1390,1402,3327],"tags":[3336,2869,1162,4057,4056,4058],"class_list":["post-74109","post","type-post","status-publish","format-standard","has-post-thumbnail","hentry","category-editorias","category-cidades","category-eleicoes-2020","tag-eleicoes-2020","tag-martha-rocha","tag-olimpiadas-do-rio-de-janeiro","tag-porto-cidade-criativa","tag-praca-maua-rj","tag-territorios-seguros"],"acf":[],"_links":{"self":[{"href":"https:\/\/pdt-rj.org.br\/index.php\/wp-json\/wp\/v2\/posts\/74109","targetHints":{"allow":["GET"]}}],"collection":[{"href":"https:\/\/pdt-rj.org.br\/index.php\/wp-json\/wp\/v2\/posts"}],"about":[{"href":"https:\/\/pdt-rj.org.br\/index.php\/wp-json\/wp\/v2\/types\/post"}],"author":[{"embeddable":true,"href":"https:\/\/pdt-rj.org.br\/index.php\/wp-json\/wp\/v2\/users\/17"}],"replies":[{"embeddable":true,"href":"https:\/\/pdt-rj.org.br\/index.php\/wp-json\/wp\/v2\/comments?post=74109"}],"version-history":[{"count":1,"href":"https:\/\/pdt-rj.org.br\/index.php\/wp-json\/wp\/v2\/posts\/74109\/revisions"}],"predecessor-version":[{"id":74111,"href":"https:\/\/pdt-rj.org.br\/index.php\/wp-json\/wp\/v2\/posts\/74109\/revisions\/74111"}],"wp:featuredmedia":[{"embeddable":true,"href":"https:\/\/pdt-rj.org.br\/index.php\/wp-json\/wp\/v2\/media\/74110"}],"wp:attachment":[{"href":"https:\/\/pdt-rj.org.br\/index.php\/wp-json\/wp\/v2\/media?parent=74109"}],"wp:term":[{"taxonomy":"category","embeddable":true,"href":"https:\/\/pdt-rj.org.br\/index.php\/wp-json\/wp\/v2\/categories?post=74109"},{"taxonomy":"post_tag","embeddable":true,"href":"https:\/\/pdt-rj.org.br\/index.php\/wp-json\/wp\/v2\/tags?post=74109"}],"curies":[{"name":"wp","href":"https:\/\/api.w.org\/{rel}","templated":true}]}}