{"id":74086,"date":"2020-10-09T16:19:47","date_gmt":"2020-10-09T19:19:47","guid":{"rendered":"http:\/\/pdt-rj.org.br\/?p=74086"},"modified":"2020-10-10T16:17:25","modified_gmt":"2020-10-10T19:17:25","slug":"2022-ciro-gomes-esta-no-pareo-e-crescendo","status":"publish","type":"post","link":"https:\/\/pdt-rj.org.br\/index.php\/2022-ciro-gomes-esta-no-pareo-e-crescendo\/","title":{"rendered":"2022: Ciro Gomes est\u00e1 no p\u00e1reo e crescendo"},"content":{"rendered":"<p>O vice-presidente nacional do PDT, Ciro Gomes, cresceu na pesquisa sobre o cen\u00e1rio eleitoral para 2022 divulgada pela revista Exame hoje (9). No \u00faltimo estudo, de 31 de agosto, o presidenci\u00e1vel pedetista contava com 6% das inten\u00e7\u00f5es de voto. Hoje, esse n\u00famero chega a 9%.<\/p>\n<p>De acordo com a pesquisa Ideia\/Exame, Ciro est\u00e1 tecnicamente empatado com o ex-juiz S\u00e9rgio Moro que caiu de 13% para 10%, ocupando o terceiro lugar. Jair Bolsonaro ainda aparece em primeiro, com 30% das inten\u00e7\u00f5es de voto.<\/p>\n<p>O ex-presidente Lula aparece em segundo colocado na pesquisa, mas continua ineleg\u00edvel. E o PT, que est\u00e1 a caminho de sofrer uma derrota hist\u00f3rica nas elei\u00e7\u00f5es municipais deste ano, provavelmente chegar\u00e1 a 2022 mais fraco do que j\u00e1 est\u00e1 hoje.<\/p>\n<p>A pesquisa registra tamb\u00e9m uma estabiliza\u00e7\u00e3o de Luciano Huck com 5%, o que desmotiva ainda mais sua j\u00e1 minguada possibilidade de candidatura. O governador de S\u00e3o Paulo Jo\u00e3o Doria tem 4%, \u00edndice que praticamente o inviabiliza.<\/p>\n<p>Com a rejei\u00e7\u00e3o ao PT ainda em n\u00edveis altos e a contesta\u00e7\u00e3o p\u00fablica \u00e0s ilegalidades da Lava Jato, Ciro Gomes dever\u00e1 representar o retorno da grande pol\u00edtica democr\u00e1tica nas elei\u00e7\u00f5es de 2022 contra Jair Bolsonaro.<\/p>\n<p>Esta perspectiva \u00e9 refor\u00e7ada pela not\u00edcia de que Sergio Moro est\u00e1 considerando deixar o Brasil e n\u00e3o participar mais da vida pol\u00edtica.<\/p>\n<p>O atual presidente vence em todas as simula\u00e7\u00f5es de segundo turno, segundo a pesquisa Ideia\/Exame. Mas a pesquisa n\u00e3o simulou segundo turno entre Jair Bolsonaro e Ciro Gomes.<\/p>\n<p>&nbsp;<\/p>\n<p>Fonte: Monitor Nacional (com altera\u00e7\u00f5es)<\/p>\n<!-- AddThis Advanced Settings generic via filter on the_content --><!-- AddThis Share Buttons generic via filter on the_content -->","protected":false},"excerpt":{"rendered":"<p>O vice-presidente nacional do PDT, Ciro Gomes, cresceu na pesquisa sobre o cen\u00e1rio eleitoral para 2022 divulgada pela revista Exame hoje (9). No \u00faltimo estudo, de 31 de agosto, o presidenci\u00e1vel pedetista contava com 6% das inten\u00e7\u00f5es de voto. Hoje, esse n\u00famero chega a 9%. De acordo com a pesquisa Ideia\/Exame, Ciro est\u00e1 tecnicamente empatado&#8230;<!-- AddThis Advanced Settings generic via filter on wp_trim_excerpt --><!-- AddThis Share Buttons generic via filter on wp_trim_excerpt --><\/p>\n","protected":false},"author":17,"featured_media":61495,"comment_status":"closed","ping_status":"closed","sticky":false,"template":"","format":"standard","meta":{"_monsterinsights_skip_tracking":false,"_monsterinsights_sitenote_active":false,"_monsterinsights_sitenote_note":"","_monsterinsights_sitenote_category":0,"_uf_show_specific_survey":0,"_uf_disable_surveys":false,"footnotes":""},"categories":[1401,976],"tags":[3181,3048,344,4051,38,2194],"class_list":["post-74086","post","type-post","status-publish","format-standard","has-post-thumbnail","hentry","category-nacional","category-noticias-em-destaque","tag-ciro-2022","tag-ciro-gome","tag-eleicoes","tag-exame","tag-pdt","tag-pesquisa"],"acf":[],"_links":{"self":[{"href":"https:\/\/pdt-rj.org.br\/index.php\/wp-json\/wp\/v2\/posts\/74086","targetHints":{"allow":["GET"]}}],"collection":[{"href":"https:\/\/pdt-rj.org.br\/index.php\/wp-json\/wp\/v2\/posts"}],"about":[{"href":"https:\/\/pdt-rj.org.br\/index.php\/wp-json\/wp\/v2\/types\/post"}],"author":[{"embeddable":true,"href":"https:\/\/pdt-rj.org.br\/index.php\/wp-json\/wp\/v2\/users\/17"}],"replies":[{"embeddable":true,"href":"https:\/\/pdt-rj.org.br\/index.php\/wp-json\/wp\/v2\/comments?post=74086"}],"version-history":[{"count":2,"href":"https:\/\/pdt-rj.org.br\/index.php\/wp-json\/wp\/v2\/posts\/74086\/revisions"}],"predecessor-version":[{"id":74095,"href":"https:\/\/pdt-rj.org.br\/index.php\/wp-json\/wp\/v2\/posts\/74086\/revisions\/74095"}],"wp:featuredmedia":[{"embeddable":true,"href":"https:\/\/pdt-rj.org.br\/index.php\/wp-json\/wp\/v2\/media\/61495"}],"wp:attachment":[{"href":"https:\/\/pdt-rj.org.br\/index.php\/wp-json\/wp\/v2\/media?parent=74086"}],"wp:term":[{"taxonomy":"category","embeddable":true,"href":"https:\/\/pdt-rj.org.br\/index.php\/wp-json\/wp\/v2\/categories?post=74086"},{"taxonomy":"post_tag","embeddable":true,"href":"https:\/\/pdt-rj.org.br\/index.php\/wp-json\/wp\/v2\/tags?post=74086"}],"curies":[{"name":"wp","href":"https:\/\/api.w.org\/{rel}","templated":true}]}}