{"id":74076,"date":"2020-10-09T02:01:08","date_gmt":"2020-10-09T05:01:08","guid":{"rendered":"http:\/\/pdt-rj.org.br\/?p=74076"},"modified":"2020-10-09T02:02:35","modified_gmt":"2020-10-09T05:02:35","slug":"pdl-de-andre-figueiredo-susta-portaria-que-desobriga-servidor-publico-da-contribuicao-sindical","status":"publish","type":"post","link":"https:\/\/pdt-rj.org.br\/index.php\/pdl-de-andre-figueiredo-susta-portaria-que-desobriga-servidor-publico-da-contribuicao-sindical\/","title":{"rendered":"PDL de Andr\u00e9 Figueiredo susta portaria que desobriga servidor p\u00fablico da contribui\u00e7\u00e3o sindical"},"content":{"rendered":"<p>Em respeito \u00e0 Constitui\u00e7\u00e3o Federal, que prev\u00ea a livre a associa\u00e7\u00e3o profissional ou sindical e o desconto em folha para custeio dos sindicatos, o deputado federal Andr\u00e9 Figueiredo (PDT-CE), l\u00edder da Oposi\u00e7\u00e3o na C\u00e2mara, apresentou o Projeto de Decreto Legislativo (PDL) 438\/20, que susta a Portaria 21.595, de 1\u00ba de outubro de 2020, que pro\u00edbe a cobran\u00e7a da contribui\u00e7\u00e3o sindical do servidor p\u00fablico federal, da Administra\u00e7\u00e3o P\u00fablica federal direta, aut\u00e1rquica e fundacional.<\/p>\n<p>A Portaria, do Secret\u00e1rio de Gest\u00e3o e Desempenho de Pessoal do Minist\u00e9rio da Economia, determina que \u201csomente ap\u00f3s edi\u00e7\u00e3o de lei, dispondo sobre a faculdade do recolhimento de contribui\u00e7\u00e3o sindical pelo servidor p\u00fablico, ser\u00e1 vi\u00e1vel o desconto, desde que autorizado pr\u00e9via e expressamente pelo servidor, em favor da respectiva entidade representativa dos interesses do servidor\u201d.<\/p>\n<p>Para Andr\u00e9 Figueiredo, a portaria \u00e9 inconstitucional e inviabiliza a possibilidade de desconto da contribui\u00e7\u00e3o em folha antes da edi\u00e7\u00e3o de lei que preveja a autoriza\u00e7\u00e3o pr\u00e9via pelo servidor. Ainda segundo ele, apesar de o texto garantir o direito \u00e0 livre associa\u00e7\u00e3o, a disposi\u00e7\u00e3o \u00e9 \u201cin\u00f3cua\u201d e \u201cenganosa\u201d, porque a portaria impede por completo o exerc\u00edcio do direito constitucional.<\/p>\n<p>O deputado assinala ainda, que, desobrigar o servidor da contribui\u00e7\u00e3o fere a lei e n\u00e3o garante o pagamento das presta\u00e7\u00f5es, uma vez que o desconto n\u00e3o ser\u00e1 mais em folha sem autoriza\u00e7\u00e3o dos servidores. \u201cOu seja, o servidor e as entidades sindicais foram colocados em uma situa\u00e7\u00e3o de completa aus\u00eancia regulat\u00f3ria, que causa inseguran\u00e7a jur\u00eddica e amea\u00e7a a atividade sindical.\u201d<\/p>\n<!-- AddThis Advanced Settings generic via filter on the_content --><!-- AddThis Share Buttons generic via filter on the_content -->","protected":false},"excerpt":{"rendered":"<p>Em respeito \u00e0 Constitui\u00e7\u00e3o Federal, que prev\u00ea a livre a associa\u00e7\u00e3o profissional ou sindical e o desconto em folha para custeio dos sindicatos, o deputado federal Andr\u00e9 Figueiredo (PDT-CE), l\u00edder da Oposi\u00e7\u00e3o na C\u00e2mara, apresentou o Projeto de Decreto Legislativo (PDL) 438\/20, que susta a Portaria 21.595, de 1\u00ba de outubro de 2020, que pro\u00edbe&#8230;<!-- AddThis Advanced Settings generic via filter on wp_trim_excerpt --><!-- AddThis Share Buttons generic via filter on wp_trim_excerpt --><\/p>\n","protected":false},"author":17,"featured_media":74077,"comment_status":"closed","ping_status":"closed","sticky":false,"template":"","format":"standard","meta":{"_monsterinsights_skip_tracking":false,"_monsterinsights_sitenote_active":false,"_monsterinsights_sitenote_note":"","_monsterinsights_sitenote_category":0,"_uf_show_specific_survey":0,"_uf_disable_surveys":false,"footnotes":""},"categories":[976],"tags":[34,4048,4049,2168],"class_list":["post-74076","post","type-post","status-publish","format-standard","has-post-thumbnail","hentry","category-noticias-em-destaque","tag-andre-figueiredo","tag-cobranca-da-contribuicao-sindical-do-servidor-publico-federal","tag-cobranca-em-folha","tag-servidor-publico"],"acf":[],"_links":{"self":[{"href":"https:\/\/pdt-rj.org.br\/index.php\/wp-json\/wp\/v2\/posts\/74076","targetHints":{"allow":["GET"]}}],"collection":[{"href":"https:\/\/pdt-rj.org.br\/index.php\/wp-json\/wp\/v2\/posts"}],"about":[{"href":"https:\/\/pdt-rj.org.br\/index.php\/wp-json\/wp\/v2\/types\/post"}],"author":[{"embeddable":true,"href":"https:\/\/pdt-rj.org.br\/index.php\/wp-json\/wp\/v2\/users\/17"}],"replies":[{"embeddable":true,"href":"https:\/\/pdt-rj.org.br\/index.php\/wp-json\/wp\/v2\/comments?post=74076"}],"version-history":[{"count":1,"href":"https:\/\/pdt-rj.org.br\/index.php\/wp-json\/wp\/v2\/posts\/74076\/revisions"}],"predecessor-version":[{"id":74078,"href":"https:\/\/pdt-rj.org.br\/index.php\/wp-json\/wp\/v2\/posts\/74076\/revisions\/74078"}],"wp:featuredmedia":[{"embeddable":true,"href":"https:\/\/pdt-rj.org.br\/index.php\/wp-json\/wp\/v2\/media\/74077"}],"wp:attachment":[{"href":"https:\/\/pdt-rj.org.br\/index.php\/wp-json\/wp\/v2\/media?parent=74076"}],"wp:term":[{"taxonomy":"category","embeddable":true,"href":"https:\/\/pdt-rj.org.br\/index.php\/wp-json\/wp\/v2\/categories?post=74076"},{"taxonomy":"post_tag","embeddable":true,"href":"https:\/\/pdt-rj.org.br\/index.php\/wp-json\/wp\/v2\/tags?post=74076"}],"curies":[{"name":"wp","href":"https:\/\/api.w.org\/{rel}","templated":true}]}}