{"id":74069,"date":"2020-10-09T00:48:15","date_gmt":"2020-10-09T03:48:15","guid":{"rendered":"http:\/\/pdt-rj.org.br\/?p=74069"},"modified":"2020-10-10T19:13:39","modified_gmt":"2020-10-10T22:13:39","slug":"inspirado-em-getulio-vargas-ciro-enaltece-projeto-nacional-de-desenvolvimento","status":"publish","type":"post","link":"https:\/\/pdt-rj.org.br\/index.php\/inspirado-em-getulio-vargas-ciro-enaltece-projeto-nacional-de-desenvolvimento\/","title":{"rendered":"Inspirado em Get\u00falio Vargas, Ciro enaltece Projeto Nacional de Desenvolvimento"},"content":{"rendered":"<p><em><strong>Progresso nacionalista foi exaltado pelo pedetista durante semin\u00e1rio virtual sobre a Revolu\u00e7\u00e3o de 30<\/strong><\/em><\/p>\n<p>Em uma defesa enf\u00e1tica do Brasil soberano, o ex-governador do Cear\u00e1, Ciro Gomes, colocou Get\u00falio Vargas como uma das principais representa\u00e7\u00f5es na constante constru\u00e7\u00e3o, com a marca do Trabalhismo, do Projeto Nacional de Desenvolvimento (PND). A men\u00e7\u00e3o foi feita, nesta quinta-feira (8), durante o semin\u00e1rio virtual promovido pelo PDT e a Funda\u00e7\u00e3o Leonel Brizola \u2013 Alberto Pasqualini (FLB-AP) em homenagem aos 90 anos da Revolu\u00e7\u00e3o de 30, celebrada, oficialmente, no dia 3 de outubro.<\/p>\n<p>No painel de encerramento do evento organizado pelo Centro de Mem\u00f3ria Trabalhistas (CMT) e mediado pela vice-presidente estadual do PDT de S\u00e3o Paulo, Gleides Sodr\u00e9, o pedetista analisou o \u201cDesenvolvimentismo de Vargas\u201d, bem como todo o seu legado transformador, acompanhado do doutor em economia e professor da Unicamp, Luiz Gonzaga Beluzzo, e do ge\u00f3logo e ex-diretor da Petrobras, Guilherme Estrella.<\/p>\n<p>Para Ciro, que tamb\u00e9m \u00e9 vice-presidente nacional do partido, o protagonismo do ex-presidente durante o governo provis\u00f3rio representou um ponto de modifica\u00e7\u00e3o marcado na trajet\u00f3ria do pa\u00eds. A partir do movimento popular e nacionalista deflagrado por militares, seu perfil vision\u00e1rio, segundo o pedetista, consolidou-se em prol do Brasil moderno e social, como traduzido na garantia de direitos, vide a cria\u00e7\u00e3o do Minist\u00e9rio do Trabalho.<\/p>\n<p>\u201cGratid\u00e3o aos revolucion\u00e1rios, como o Get\u00falio Vargas, que deram sua pr\u00f3pria vida para a constru\u00e7\u00e3o de uma na\u00e7\u00e3o chamada Brasil, que hoje est\u00e1 sendo levada \u00e0 breca por esses \u2018an\u00f5es morais\u2019, incompetentes, entreguistas e vendilh\u00f5es da p\u00e1tria que nos governam\u201d, afirma, pontuando a subtra\u00e7\u00e3o de direitos e entrega de bens pela gest\u00e3o Bolsonaro.<\/p>\n<p>\u201cO Get\u00falio tem uma lista de realiza\u00e7\u00f5es que o coloca como maior estadista, sem rival, da hist\u00f3ria brasileira\u201d, garante Ciro, indicando cita\u00e7\u00f5es no seu livro \u2018Projeto Nacional: O Dever Da Esperan\u00e7a\u2019, lan\u00e7ado em 2020.<\/p>\n<p>Diante da defesa da integra\u00e7\u00e3o da for\u00e7a produtiva e do incentivo de Estado baseado em princ\u00edpios, como os do Keynesianismo e de Alberto Pasqualini, Ciro faz ainda uma an\u00e1lise conjuntural do impacto do trabalhista em uma realidade retr\u00f3grada e escravagista.<\/p>\n<p>\u201cA ideia de tentar associar a virtude, o talento e a energia fecunda, que pode ter a iniciativa privada, com o estado nacional poderoso para ser capaz de criar uma emula\u00e7\u00e3o e extrair, dessa parceria, n\u00e3o s\u00f3 na prote\u00e7\u00e3o da for\u00e7a de trabalho, mas tamb\u00e9m os excedentes para financiar a supera\u00e7\u00e3o da mis\u00e9ria, da desigualdade, do hiato de infraestrutura e de todo o desenho da ind\u00fastria de base\u201d, relatou, ao finalizar: \u201cGet\u00falio \u00e9 genial, sem muito precedentes\u201d.<\/p>\n<p><strong>\u00cdcone<\/strong><\/p>\n<p>Mencionando as decis\u00f5es implementadas durante a gest\u00e3o, Luiz Gonzaga Beluzzo enalteceu a edifica\u00e7\u00e3o de um caminho marcado pela busca de um pa\u00eds mais igual e justo na prote\u00e7\u00e3o da vida e da renda da popula\u00e7\u00e3o. \u201cGet\u00falio Vargas foi, certamente, o maior estadista brasileiro\u201d, ratificou, citando a expans\u00e3o estatal como matriz impulsionadora da industrializa\u00e7\u00e3o.<\/p>\n<p>\u201cQuem estuda a hist\u00f3ria do Brasil, mesmo que superficialmente, percebe que a Revolu\u00e7\u00e3o de 30 foi uma ruptura modernizadora na sociedade brasileira. Foi a constru\u00e7\u00e3o de um novo Brasil ap\u00f3s a Rep\u00fablica Velha\u201d, acrescentou, ao criticar as reformas do governo Bolsonaro.<\/p>\n<p>Ao ratificar a vis\u00e3o integradora do governo, Guilherme Estrella detalha a s\u00e9rie de delimita\u00e7\u00f5es decretadas por Vargas no sentido de resguardar as riquezas da na\u00e7\u00e3o.<\/p>\n<p>\u201cO esp\u00edrito da Revolu\u00e7\u00e3o de 30 tinha uma ideia moderna e atualizada de que a industrializa\u00e7\u00e3o dependia, fundamentalmente, da oferta de energia\u201d, comenta, diante da cita\u00e7\u00e3o do atraso do pa\u00eds no setor gerador e transmissor, at\u00e9 o in\u00edcio do s\u00e9culo XX.<\/p>\n<p>No processo de organiza\u00e7\u00e3o das fontes energ\u00e9ticas, Estrella menciona a aten\u00e7\u00e3o varguista para a regulamenta\u00e7\u00e3o do uso da \u00e1gua a partir do potencial hidroel\u00e9trico, considerado estrat\u00e9gico para o novo momento do pa\u00eds.<\/p>\n<p>\u201cGet\u00falio veio com o projeto nacional e desenvolvimentista e instalam um governo nacionalista. Com toda uma infraestrutura administrativa, considerava a energia como ponto de seguran\u00e7a nacional\u201d, relata o ge\u00f3logo, com um paralelo vinculado \u00e0 cria\u00e7\u00e3o da Petrobras e \u00e0 campanha do \u2018Petr\u00f3leo \u00e9 nosso\u2019, nas d\u00e9cadas seguintes.<\/p>\n<p>Confira, na \u00edntegra, o debate transmitido pela p\u00e1gina do CMT no Facebook:<\/p>\n<p>https:\/\/www.facebook.com\/CentroDeMemoriaTrabalhista\/videos\/626244088040041<\/p>\n<!-- AddThis Advanced Settings generic via filter on the_content --><!-- AddThis Share Buttons generic via filter on the_content -->","protected":false},"excerpt":{"rendered":"<p>Progresso nacionalista foi exaltado pelo pedetista durante semin\u00e1rio virtual sobre a Revolu\u00e7\u00e3o de 30 Em uma defesa enf\u00e1tica do Brasil soberano, o ex-governador do Cear\u00e1, Ciro Gomes, colocou Get\u00falio Vargas como uma das principais representa\u00e7\u00f5es na constante constru\u00e7\u00e3o, com a marca do Trabalhismo, do Projeto Nacional de Desenvolvimento (PND). A men\u00e7\u00e3o foi feita, nesta quinta-feira&#8230;<!-- AddThis Advanced Settings generic via filter on wp_trim_excerpt --><!-- AddThis Share Buttons generic via filter on wp_trim_excerpt --><\/p>\n","protected":false},"author":17,"featured_media":74073,"comment_status":"closed","ping_status":"closed","sticky":false,"template":"","format":"standard","meta":{"_monsterinsights_skip_tracking":false,"_monsterinsights_sitenote_active":false,"_monsterinsights_sitenote_note":"","_monsterinsights_sitenote_category":0,"_uf_show_specific_survey":0,"_uf_disable_surveys":false,"footnotes":""},"categories":[1390],"tags":[],"class_list":["post-74069","post","type-post","status-publish","format-standard","has-post-thumbnail","hentry","category-editorias"],"acf":[],"_links":{"self":[{"href":"https:\/\/pdt-rj.org.br\/index.php\/wp-json\/wp\/v2\/posts\/74069","targetHints":{"allow":["GET"]}}],"collection":[{"href":"https:\/\/pdt-rj.org.br\/index.php\/wp-json\/wp\/v2\/posts"}],"about":[{"href":"https:\/\/pdt-rj.org.br\/index.php\/wp-json\/wp\/v2\/types\/post"}],"author":[{"embeddable":true,"href":"https:\/\/pdt-rj.org.br\/index.php\/wp-json\/wp\/v2\/users\/17"}],"replies":[{"embeddable":true,"href":"https:\/\/pdt-rj.org.br\/index.php\/wp-json\/wp\/v2\/comments?post=74069"}],"version-history":[{"count":3,"href":"https:\/\/pdt-rj.org.br\/index.php\/wp-json\/wp\/v2\/posts\/74069\/revisions"}],"predecessor-version":[{"id":74075,"href":"https:\/\/pdt-rj.org.br\/index.php\/wp-json\/wp\/v2\/posts\/74069\/revisions\/74075"}],"wp:featuredmedia":[{"embeddable":true,"href":"https:\/\/pdt-rj.org.br\/index.php\/wp-json\/wp\/v2\/media\/74073"}],"wp:attachment":[{"href":"https:\/\/pdt-rj.org.br\/index.php\/wp-json\/wp\/v2\/media?parent=74069"}],"wp:term":[{"taxonomy":"category","embeddable":true,"href":"https:\/\/pdt-rj.org.br\/index.php\/wp-json\/wp\/v2\/categories?post=74069"},{"taxonomy":"post_tag","embeddable":true,"href":"https:\/\/pdt-rj.org.br\/index.php\/wp-json\/wp\/v2\/tags?post=74069"}],"curies":[{"name":"wp","href":"https:\/\/api.w.org\/{rel}","templated":true}]}}