{"id":74058,"date":"2020-10-08T17:07:44","date_gmt":"2020-10-08T20:07:44","guid":{"rendered":"http:\/\/pdt-rj.org.br\/?p=74058"},"modified":"2020-10-13T11:32:08","modified_gmt":"2020-10-13T14:32:08","slug":"educacao-e-tema-do-novo-curso-da-universidade-leonel-brizola","status":"publish","type":"post","link":"https:\/\/pdt-rj.org.br\/index.php\/educacao-e-tema-do-novo-curso-da-universidade-leonel-brizola\/","title":{"rendered":"Educa\u00e7\u00e3o \u00e9 tema do novo curso da Universidade Leonel Brizola"},"content":{"rendered":"<p>Com intuito de levar mais qualifica\u00e7\u00e3o aos candidatos, a Universidade aberta Leonel Brizola (ULB) em parceria com o Movimento Trabalhista pela Educa\u00e7\u00e3o lan\u00e7ou mais uma novidade na plataforma da ULB, o curso \u201cEduca\u00e7\u00e3o nas Elei\u00e7\u00f5es Municipais 2020 &#8211; Orienta\u00e7\u00f5es Trabalhistas\u201d.<\/p>\n<p>Totalmente gratuito e com professores qualificados, o curso \u00e9 dividido em 13 videoaulas com e-book, avalia\u00e7\u00e3o e certifica\u00e7\u00e3o digital, que ir\u00e1 oferecer aos candidatos os conhecimentos necess\u00e1rios sobre uma das principais bandeiras defendidas pelo PDT \u2013 a Educa\u00e7\u00e3o.<\/p>\n<p>Nas disciplinas, os candidatos ir\u00e3o aprender sobre os recursos oferecidos pelo governo para investimento e amplia\u00e7\u00e3o da educa\u00e7\u00e3o nos munic\u00edpios como o Fundo de Manuten\u00e7\u00e3o e Desenvolvimento da Educa\u00e7\u00e3o B\u00e1sica e de Valoriza\u00e7\u00e3o dos profissionais da Educa\u00e7\u00e3o (Fundeb), sobre a Base Nacional Comum Curricular (BNCC) e outros.<\/p>\n<p>Todo conte\u00fado apresentando no curso poder\u00e1 contribuir tamb\u00e9m para aplica\u00e7\u00e3o nos mandatos, caso eleitos.<\/p>\n<p>O curso j\u00e1 est\u00e1 dispon\u00edvel no site <a href=\"https:\/\/ulb.org.br\/\">ulb.org.br<\/a> e no aplicativo da ULB. Para baixar o App, basta acessar a loja de aplicativos do seu celular.<\/p>\n<p>Acesse o e-book completo do curso abaixo:<\/p>\n<p><a href=\"http:\/\/pdt-rj.org.br\/wp-content\/uploads\/2020\/10\/Educac\u0327a\u0303o-nas-eleic\u0327o\u0303es-municipais-2020.pdf\">Educac\u0327a\u0303o nas eleic\u0327o\u0303es municipais 2020<\/a><\/p>\n<!-- AddThis Advanced Settings generic via filter on the_content --><!-- AddThis Share Buttons generic via filter on the_content -->","protected":false},"excerpt":{"rendered":"<p>Com intuito de levar mais qualifica\u00e7\u00e3o aos candidatos, a Universidade aberta Leonel Brizola (ULB) em parceria com o Movimento Trabalhista pela Educa\u00e7\u00e3o lan\u00e7ou mais uma novidade na plataforma da ULB, o curso \u201cEduca\u00e7\u00e3o nas Elei\u00e7\u00f5es Municipais 2020 &#8211; Orienta\u00e7\u00f5es Trabalhistas\u201d. Totalmente gratuito e com professores qualificados, o curso \u00e9 dividido em 13 videoaulas com e-book,&#8230;<!-- AddThis Advanced Settings generic via filter on wp_trim_excerpt --><!-- AddThis Share Buttons generic via filter on wp_trim_excerpt --><\/p>\n","protected":false},"author":17,"featured_media":74068,"comment_status":"closed","ping_status":"closed","sticky":false,"template":"","format":"standard","meta":{"_monsterinsights_skip_tracking":false,"_monsterinsights_sitenote_active":false,"_monsterinsights_sitenote_note":"","_monsterinsights_sitenote_category":0,"_uf_show_specific_survey":0,"_uf_disable_surveys":false,"footnotes":""},"categories":[1390,3327,3328],"tags":[4047,415,942],"class_list":["post-74058","post","type-post","status-publish","format-standard","has-post-thumbnail","hentry","category-editorias","category-eleicoes-2020","category-flb-ap","tag-educacao-nas-eleicoes-municipais-2020","tag-formacao-politica","tag-universidade-leonel-brizola"],"acf":[],"_links":{"self":[{"href":"https:\/\/pdt-rj.org.br\/index.php\/wp-json\/wp\/v2\/posts\/74058","targetHints":{"allow":["GET"]}}],"collection":[{"href":"https:\/\/pdt-rj.org.br\/index.php\/wp-json\/wp\/v2\/posts"}],"about":[{"href":"https:\/\/pdt-rj.org.br\/index.php\/wp-json\/wp\/v2\/types\/post"}],"author":[{"embeddable":true,"href":"https:\/\/pdt-rj.org.br\/index.php\/wp-json\/wp\/v2\/users\/17"}],"replies":[{"embeddable":true,"href":"https:\/\/pdt-rj.org.br\/index.php\/wp-json\/wp\/v2\/comments?post=74058"}],"version-history":[{"count":11,"href":"https:\/\/pdt-rj.org.br\/index.php\/wp-json\/wp\/v2\/posts\/74058\/revisions"}],"predecessor-version":[{"id":74120,"href":"https:\/\/pdt-rj.org.br\/index.php\/wp-json\/wp\/v2\/posts\/74058\/revisions\/74120"}],"wp:featuredmedia":[{"embeddable":true,"href":"https:\/\/pdt-rj.org.br\/index.php\/wp-json\/wp\/v2\/media\/74068"}],"wp:attachment":[{"href":"https:\/\/pdt-rj.org.br\/index.php\/wp-json\/wp\/v2\/media?parent=74058"}],"wp:term":[{"taxonomy":"category","embeddable":true,"href":"https:\/\/pdt-rj.org.br\/index.php\/wp-json\/wp\/v2\/categories?post=74058"},{"taxonomy":"post_tag","embeddable":true,"href":"https:\/\/pdt-rj.org.br\/index.php\/wp-json\/wp\/v2\/tags?post=74058"}],"curies":[{"name":"wp","href":"https:\/\/api.w.org\/{rel}","templated":true}]}}