{"id":74047,"date":"2020-10-07T20:15:17","date_gmt":"2020-10-07T23:15:17","guid":{"rendered":"http:\/\/pdt-rj.org.br\/?p=74047"},"modified":"2020-10-07T20:15:17","modified_gmt":"2020-10-07T23:15:17","slug":"axel-grael-levara-obras-de-drenagem-e-pavimentacao-para-toda-a-regiao-oceanica","status":"publish","type":"post","link":"https:\/\/pdt-rj.org.br\/index.php\/axel-grael-levara-obras-de-drenagem-e-pavimentacao-para-toda-a-regiao-oceanica\/","title":{"rendered":"Axel Grael levar\u00e1 obras de drenagem e pavimenta\u00e7\u00e3o para toda a Regi\u00e3o Oce\u00e2nica"},"content":{"rendered":"<div class=\"msg-body P_wpofO mq_AS\" data-test-id=\"message-view-body-content\">\n<div class=\"jb_0 X_6MGW N_6Fd5\">\n<div>\n<div id=\"yiv4381050924\">\n<div dir=\"ltr\">O candidato a prefeito de Niter\u00f3i (RJ) Axel Grael (PDT), iniciou a manh\u00e3 desta quarta-feira (7) em Camboinhas, na Regi\u00e3o Oce\u00e2nica. O candidato, da coliga\u00e7\u00e3o &#8220;Uni\u00e3o por Niter\u00f3i&#8221;, que tem o apoio do prefeito Rodrigo Neves, ainda participou de grava\u00e7\u00f5es para o programa eleitoral e, no final do dia, caminhou pelo Fonseca, na Zona Norte da cidade.<\/p>\n<p>Em Camboinhas, Grael conversou com moradores e tomou caf\u00e9 da manh\u00e3 em uma padaria do bairro. O candidato destacou os investimentos da Prefeitura de Niter\u00f3i na Regi\u00e3o Oce\u00e2nica, que recebeu o maior ciclo de obras da hist\u00f3ria. Grael ainda refor\u00e7ou seu compromisso em dar continuidade \u00e0s obras de drenagem e pavimenta\u00e7\u00e3o na regi\u00e3o, at\u00e9 que 100% das ruas estejam asfaltadas.<\/p>\n<p>&#8220;Ap\u00f3s d\u00e9cadas sem receber investimentos, a Regi\u00e3o Oce\u00e2nica recebeu o olhar da Prefeitura de Niter\u00f3i. Fizemos uma gest\u00e3o hist\u00f3rica, com obras de pavimenta\u00e7\u00e3o executadas em mais de 200 ruas. Essas interven\u00e7\u00f5es deram fim ao hist\u00f3rico de alagamento em bairros como Cafub\u00e1, Boa Vista, Fazendinha e Bairro Peixoto. Vamos dar continuidade a esse trabalho na Regi\u00e3o Oce\u00e2nica para trazer mais qualidade de vida aos moradores&#8221;, prometeu Grael.<\/p><\/div>\n<\/div>\n<\/div>\n<\/div>\n<\/div>\n<!-- AddThis Advanced Settings generic via filter on the_content --><!-- AddThis Share Buttons generic via filter on the_content -->","protected":false},"excerpt":{"rendered":"<p>O candidato a prefeito de Niter\u00f3i (RJ) Axel Grael (PDT), iniciou a manh\u00e3 desta quarta-feira (7) em Camboinhas, na Regi\u00e3o Oce\u00e2nica. O candidato, da coliga\u00e7\u00e3o &#8220;Uni\u00e3o por Niter\u00f3i&#8221;, que tem o apoio do prefeito Rodrigo Neves, ainda participou de grava\u00e7\u00f5es para o programa eleitoral e, no final do dia, caminhou pelo Fonseca, na Zona Norte&#8230;<!-- AddThis Advanced Settings generic via filter on wp_trim_excerpt --><!-- AddThis Share Buttons generic via filter on wp_trim_excerpt --><\/p>\n","protected":false},"author":17,"featured_media":74048,"comment_status":"closed","ping_status":"closed","sticky":false,"template":"","format":"standard","meta":{"_monsterinsights_skip_tracking":false,"_monsterinsights_sitenote_active":false,"_monsterinsights_sitenote_note":"","_monsterinsights_sitenote_category":0,"_uf_show_specific_survey":0,"_uf_disable_surveys":false,"footnotes":""},"categories":[1390,1402],"tags":[3169,3940],"class_list":["post-74047","post","type-post","status-publish","format-standard","has-post-thumbnail","hentry","category-editorias","category-cidades","tag-rodrigo-neves","tag-uniao-por-niteroi"],"acf":[],"_links":{"self":[{"href":"https:\/\/pdt-rj.org.br\/index.php\/wp-json\/wp\/v2\/posts\/74047","targetHints":{"allow":["GET"]}}],"collection":[{"href":"https:\/\/pdt-rj.org.br\/index.php\/wp-json\/wp\/v2\/posts"}],"about":[{"href":"https:\/\/pdt-rj.org.br\/index.php\/wp-json\/wp\/v2\/types\/post"}],"author":[{"embeddable":true,"href":"https:\/\/pdt-rj.org.br\/index.php\/wp-json\/wp\/v2\/users\/17"}],"replies":[{"embeddable":true,"href":"https:\/\/pdt-rj.org.br\/index.php\/wp-json\/wp\/v2\/comments?post=74047"}],"version-history":[{"count":1,"href":"https:\/\/pdt-rj.org.br\/index.php\/wp-json\/wp\/v2\/posts\/74047\/revisions"}],"predecessor-version":[{"id":74052,"href":"https:\/\/pdt-rj.org.br\/index.php\/wp-json\/wp\/v2\/posts\/74047\/revisions\/74052"}],"wp:featuredmedia":[{"embeddable":true,"href":"https:\/\/pdt-rj.org.br\/index.php\/wp-json\/wp\/v2\/media\/74048"}],"wp:attachment":[{"href":"https:\/\/pdt-rj.org.br\/index.php\/wp-json\/wp\/v2\/media?parent=74047"}],"wp:term":[{"taxonomy":"category","embeddable":true,"href":"https:\/\/pdt-rj.org.br\/index.php\/wp-json\/wp\/v2\/categories?post=74047"},{"taxonomy":"post_tag","embeddable":true,"href":"https:\/\/pdt-rj.org.br\/index.php\/wp-json\/wp\/v2\/tags?post=74047"}],"curies":[{"name":"wp","href":"https:\/\/api.w.org\/{rel}","templated":true}]}}