{"id":74024,"date":"2020-10-07T13:03:11","date_gmt":"2020-10-07T16:03:11","guid":{"rendered":"http:\/\/pdt-rj.org.br\/?p=74024"},"modified":"2020-10-09T16:23:51","modified_gmt":"2020-10-09T19:23:51","slug":"manoel-dias-relata-simbolismo-do-ministerio-do-trabalho-na-revolucao-de-30","status":"publish","type":"post","link":"https:\/\/pdt-rj.org.br\/index.php\/manoel-dias-relata-simbolismo-do-ministerio-do-trabalho-na-revolucao-de-30\/","title":{"rendered":"Manoel Dias relata simbolismo do Minist\u00e9rio do Trabalho na Revolu\u00e7\u00e3o de 30"},"content":{"rendered":"<p><em><strong>Com media\u00e7\u00e3o de Duda Salabert, segundo painel do semin\u00e1rio tamb\u00e9m recebeu Jos\u00e9 Augusto Ribeiro<\/strong><\/em><\/p>\n<p>\u201cInstrumento eficiente e simb\u00f3lico de negocia\u00e7\u00e3o entre capital e trabalho\u201d, enalteceu o presidente da Funda\u00e7\u00e3o Leonel Brizola \u2013 Alberto Pasqualini (FLB-AP) e ex-ministro, Manoel Dias, ao debater com o jornalista, Jos\u00e9 Augusto Ribeiro, uma das principais marcas de Get\u00falio Vargas: a cria\u00e7\u00e3o do Minist\u00e9rio do Trabalho. O encontro virtual, nesta ter\u00e7a-feira (6), fez parte do semin\u00e1rio em homenagem aos 90 anos da Revolu\u00e7\u00e3o de 30.<\/p>\n<p>Integrante da s\u00e9rie comemorativa organizada pelo Centro de Mem\u00f3ria Trabalhista (CMT) e promovida pelo PDT e FLB-AP, o painel \u201cTrabalhadores do Brasil\u201d, mediado pela professora e ambientalista do PDT de Minas Gerais, Duda Salabert, detalhou, diante da conjuntura pol\u00edtica, o representativo papel do Minist\u00e9rio, extinto pelo atual presidente Jair Bolsonaro, na afirma\u00e7\u00e3o da soberania nacional e para os direitos do povo.<\/p>\n<p>Manoel Dias relembrou que, ainda em 30, era poss\u00edvel constatar que o Brasil era uma grande fazenda controlada pelos grandes oligarcas e repleta de trabalho servi\u00e7al e escravo. Com o in\u00edcio do governo provis\u00f3rio e o surgimento do novo \u00f3rg\u00e3o, \u201cGet\u00falio come\u00e7ou a fazer a entrega, junto com os trabalhadores, dos seus direitos fundamentais, que eram negados\u201d.<\/p>\n<p>Ministro do Trabalho que alcan\u00e7ou, em 2015, o pleno emprego, ele mencionou a moderniza\u00e7\u00e3o da pasta \u2013 principalmente nas \u00e1reas de qualifica\u00e7\u00e3o profissional, inform\u00e1tica e fiscaliza\u00e7\u00e3o \u2013 acumulada desde o per\u00edodo da gest\u00e3o de Carlos Lupi, ex-ministro e presidente nacional do PDT, ausente do encontro em fun\u00e7\u00e3o de agendas no Rio Grande do Sul.<\/p>\n<p>Diante da subtra\u00e7\u00e3o de conquistas marcantes para o trabalhismo, incluindo a CLT, Dias apontou a ocupa\u00e7\u00e3o de espa\u00e7os por movimentos antidemocr\u00e1ticos baseados em discursos e a\u00e7\u00f5es de opress\u00e3o, principalmente contra minorias.<\/p>\n<p>\u201cCom a vit\u00f3ria do fascismo e do \u00f3dio, em 2018, eles aproveitaram para acabar com o Minist\u00e9rio do Trabalho. Hoje, se o trabalhador precisar de alguma explica\u00e7\u00e3o sobre seus direitos, ele tem que ir no Minist\u00e9rio da Economia, que est\u00e1 comandado por um ministro que est\u00e1 a\u00ed para conduzir a desconstru\u00e7\u00e3o do Estado brasileiro\u201d.<\/p>\n<p><strong>Import\u00e2ncia<\/strong><\/p>\n<p>Como primeira medida legislativa de Vargas em prol dos trabalhadores nacionais, Jos\u00e9 Augusto Ribeiro citou a \u2018Lei dos 2\/3\u2019, que exigia em cada estabelecimento com tr\u00eas ou mais empregados a manuten\u00e7\u00e3o de uma propor\u00e7\u00e3o de 2\/3 de brasileiros para 1\/3 de estrangeiros. Na sequ\u00eancia, o governo implementou as leis dos sindicatos, que viabilizou a forma\u00e7\u00e3o do movimento, e da previd\u00eancia, com institutos para cada categoria profissional e, consequentemente, financiadores de moradias populares.<\/p>\n<p>Sobre o minist\u00e9rio, o jornalista relembra que foi criado apenas tr\u00eas semanas depois da posse de Get\u00falio Vargas no governo provis\u00f3rio \u201ce era chamado de \u2018minist\u00e9rio da Revolu\u00e7\u00e3o\u2019, por ser o mais importante de todos\u201d.<\/p>\n<p>\u201cEm 1933, quando foi instalada a Assembleia Nacional Constituinte, Get\u00falio lembrou, durante sua mensagem de presta\u00e7\u00e3o de contas, que a d\u00edvida social da na\u00e7\u00e3o n\u00e3o era recente, mas vinda desde o in\u00edcio do Brasil independente, que j\u00e1 era sonhado por Jos\u00e9 Bonif\u00e1cio\u201d, disse, ao criticar os retrocessos implementados por Bolsonaro desde o primeiro dia de governo.<\/p>\n<p>Ao mencionar que \u201cn\u00e3o tem como discutir a nossa hist\u00f3ria sem esse marco do Brasil moderno\u201d, Duda Salabert exaltou os diversos pontos positivos do movimento popular e nacionalista iniciado no dia 3 de outubro de 1930, bem como fez um paralelo com a atual realidade do pa\u00eds.<\/p>\n<p>\u201cNesse contexto de crise econ\u00f4mica que n\u00f3s estamos, a gente percebe esses ataques hist\u00f3ricos implodido atualmente. E exige uma postura mais enf\u00e1tica nossa, do campo trabalhista, pois lutamos pelos direitos dos trabalhadores\u201d, comentou.<\/p>\n<p><strong>Desenvolvimentista<\/strong><\/p>\n<p>O encerramento do projeto ser\u00e1 feito pelo ex-governador do Cear\u00e1 e vice-presidente nacional do PDT, Ciro Gomes, que liderar\u00e1 o encontro que marcar\u00e1 o encerramento da s\u00e9rie. Na quinta-feira (8), a discuss\u00e3o, mediada pela vice-presidente estadual do PDT de S\u00e3o Paulo, Gleides Sodr\u00e9, ser\u00e1 sobre o \u201cDesenvolvimentismo de Vargas\u201d e tamb\u00e9m contar\u00e1 com as contribui\u00e7\u00f5es do doutor em economia e professor da Unicamp, Luiz Gonzaga Beluzzo e do ge\u00f3logo e ex-diretor da Petrobras, Guilherme Estrella.<\/p>\n<p>No Facebook do CMT, confira o debate, na \u00edntegra:<\/p>\n<p>https:\/\/www.facebook.com\/CentroDeMemoriaTrabalhista\/videos\/628626614502485<\/p>\n<!-- AddThis Advanced Settings generic via filter on the_content --><!-- AddThis Share Buttons generic via filter on the_content -->","protected":false},"excerpt":{"rendered":"<p>Com media\u00e7\u00e3o de Duda Salabert, segundo painel do semin\u00e1rio tamb\u00e9m recebeu Jos\u00e9 Augusto Ribeiro \u201cInstrumento eficiente e simb\u00f3lico de negocia\u00e7\u00e3o entre capital e trabalho\u201d, enalteceu o presidente da Funda\u00e7\u00e3o Leonel Brizola \u2013 Alberto Pasqualini (FLB-AP) e ex-ministro, Manoel Dias, ao debater com o jornalista, Jos\u00e9 Augusto Ribeiro, uma das principais marcas de Get\u00falio Vargas: a&#8230;<!-- AddThis Advanced Settings generic via filter on wp_trim_excerpt --><!-- AddThis Share Buttons generic via filter on wp_trim_excerpt --><\/p>\n","protected":false},"author":17,"featured_media":74025,"comment_status":"closed","ping_status":"closed","sticky":false,"template":"","format":"standard","meta":{"_monsterinsights_skip_tracking":false,"_monsterinsights_sitenote_active":false,"_monsterinsights_sitenote_note":"","_monsterinsights_sitenote_category":0,"_uf_show_specific_survey":0,"_uf_disable_surveys":false,"footnotes":""},"categories":[1390,3328,1401],"tags":[],"class_list":["post-74024","post","type-post","status-publish","format-standard","has-post-thumbnail","hentry","category-editorias","category-flb-ap","category-nacional"],"acf":[],"_links":{"self":[{"href":"https:\/\/pdt-rj.org.br\/index.php\/wp-json\/wp\/v2\/posts\/74024","targetHints":{"allow":["GET"]}}],"collection":[{"href":"https:\/\/pdt-rj.org.br\/index.php\/wp-json\/wp\/v2\/posts"}],"about":[{"href":"https:\/\/pdt-rj.org.br\/index.php\/wp-json\/wp\/v2\/types\/post"}],"author":[{"embeddable":true,"href":"https:\/\/pdt-rj.org.br\/index.php\/wp-json\/wp\/v2\/users\/17"}],"replies":[{"embeddable":true,"href":"https:\/\/pdt-rj.org.br\/index.php\/wp-json\/wp\/v2\/comments?post=74024"}],"version-history":[{"count":2,"href":"https:\/\/pdt-rj.org.br\/index.php\/wp-json\/wp\/v2\/posts\/74024\/revisions"}],"predecessor-version":[{"id":74030,"href":"https:\/\/pdt-rj.org.br\/index.php\/wp-json\/wp\/v2\/posts\/74024\/revisions\/74030"}],"wp:featuredmedia":[{"embeddable":true,"href":"https:\/\/pdt-rj.org.br\/index.php\/wp-json\/wp\/v2\/media\/74025"}],"wp:attachment":[{"href":"https:\/\/pdt-rj.org.br\/index.php\/wp-json\/wp\/v2\/media?parent=74024"}],"wp:term":[{"taxonomy":"category","embeddable":true,"href":"https:\/\/pdt-rj.org.br\/index.php\/wp-json\/wp\/v2\/categories?post=74024"},{"taxonomy":"post_tag","embeddable":true,"href":"https:\/\/pdt-rj.org.br\/index.php\/wp-json\/wp\/v2\/tags?post=74024"}],"curies":[{"name":"wp","href":"https:\/\/api.w.org\/{rel}","templated":true}]}}