{"id":74009,"date":"2020-10-05T21:44:58","date_gmt":"2020-10-06T00:44:58","guid":{"rendered":"http:\/\/pdt-rj.org.br\/?p=74009"},"modified":"2020-10-07T13:11:51","modified_gmt":"2020-10-07T16:11:51","slug":"revolucao-de-30-seminario-analisa-legado-trabalhista-de-getulio-vargas","status":"publish","type":"post","link":"https:\/\/pdt-rj.org.br\/index.php\/revolucao-de-30-seminario-analisa-legado-trabalhista-de-getulio-vargas\/","title":{"rendered":"Revolu\u00e7\u00e3o de 30: semin\u00e1rio analisa legado trabalhista de Get\u00falio Vargas"},"content":{"rendered":"<p><strong><em>Debate virtual marcou a abertura do projeto que celebra os 90 anos do movimento popular e nacionalista<\/em><\/strong><\/p>\n<p>O protagonismo hist\u00f3rico do ex-presidente da Rep\u00fablica, Get\u00falio Vargas, foi o ponto central da abertura do semin\u00e1rio virtual em homenagem aos 90 anos da Revolu\u00e7\u00e3o de 30. Iniciado nesta segunda-feira (5), o evento contou com o painel \u201cDe p\u00e9 pelo Brasil\u201d e foi transmitido no Facebook do Centro de Mem\u00f3ria Trabalhista (CMT), organizador do projeto viabilizado pelo PDT e Funda\u00e7\u00e3o Leonel Brizola \u2013 Alberto Pasqualini (FLB-AP).<\/p>\n<p>Com a participa\u00e7\u00e3o do jornalista Jos\u00e9 Augusto Ribeiro, da professora da Pontif\u00edcia Universidade Cat\u00f3lica do Rio de Janeiro (PUC-Rio) Maria Celina D\u2019Araujo e da historiadora Rosa Maria Ara\u00fajo, o debate aprofundou a an\u00e1lise sobre feitos progressistas que marcaram a trajet\u00f3ria de um dos maiores l\u00edderes do Trabalhismo no Brasil, principalmente ap\u00f3s a efetiva\u00e7\u00e3o do movimento popular e nacionalista, no dia 3 de outubro de 1930.<\/p>\n<p>Diante do conjunto de atos desencadeados por opera\u00e7\u00f5es militares, Jos\u00e9 Augusto Ribeiro resgatou a prioriza\u00e7\u00e3o do presidente para a implementa\u00e7\u00e3o de um governo com justi\u00e7a social e na sa\u00edda da base agr\u00e1ria para uma realidade industrial.<\/p>\n<p>\u201cO problema mais urgente era o caf\u00e9, em fun\u00e7\u00e3o da crise da bolsa de Nova York, em 1929. Mas o mais importante, para Get\u00falio, era o da siderurgia, onde ele se comprometeu a investir no setor, que, posteriormente, garantiu a cria\u00e7\u00e3o da Companhia Sider\u00fargica Nacional (CSN)\u201d, explicou, ao mencionar, em seguida, o fim da \u201cfarra das concess\u00f5es do petr\u00f3leo, que abriu caminho, no segundo governo de Vargas, para a cria\u00e7\u00e3o da Petrobras\u201d.<\/p>\n<p>\u201cHouve regress\u00f5es provocadas por governos que se empenhavam em combater as realiza\u00e7\u00f5es da \u2018Era Vargas\u2019. A ponto de, em 1 de janeiro de 2019, o novo governo que se empossava e presidido por Jair Bolsonaro, em seu primeiro ato, foi reorganizar a estrutura ministerial do pa\u00eds e extinguir o Minist\u00e9rio do Trabalho\u201d, criticou, no complemento das suas interven\u00e7\u00f5es mediadas pelo do cientista pol\u00edtico e candidato a vereador no Rio, Everton Gomes.<\/p>\n<p>Sobre a constru\u00e7\u00e3o do Brasil contempor\u00e2neo, Maria Celina D\u2019Araujo indicou que a Revolu\u00e7\u00e3o \u00e9 um marco na historiografia brasileira que garantiu n\u00e3o s\u00f3 o rompimento com o modelo pol\u00edtico atuante, mas tamb\u00e9m com a forma de pensar o Estado pelo ideal desenvolvimentista.<\/p>\n<p>\u201cComo fato pol\u00edtico, tem sido abordada, de v\u00e1rios \u00e2ngulos, sobre o significado para o Brasil. Existe uma converg\u00eancia de que ela promoveu uma reconstru\u00e7\u00e3o do pa\u00eds em novos patamares. Colocou abaixo o liberalismo elitista, limitado e excludente, pois era incapaz de se renovar\u201d, disse, ao mencionar a vis\u00e3o condutora e fortalecida do governo getulista para desenvolver o potencial industrial da na\u00e7\u00e3o.<\/p>\n<p>Ao mencionar os conceitos do economista, Celso Furtado, para avaliar o processo nacionalista, Rosa Maria Ara\u00fajo indicou o progresso estrutural e os direitos e organismos federais criados, com destaque para a legisla\u00e7\u00e3o trabalhista e o Minist\u00e9rio do Trabalho.<\/p>\n<p>\u201cSe o Brasil teve uma revolu\u00e7\u00e3o, foi essa. Tivemos um progresso que nunca mais teve volta, pois se conseguiu chegar mais perto da cidadania, al\u00e9m de permitir um pa\u00eds industrializado e a neutraliza\u00e7\u00e3o das rela\u00e7\u00f5es feudais\u201d, comentou, citando a cria\u00e7\u00e3o da Petrobras e o talento pol\u00edtico de Get\u00falio para negociar e conciliar. Na sequ\u00eancia, acrescentar: \u201cA revolu\u00e7\u00e3o permitiu a Era Vargas, que foi sua volta, em 50, como presidente eleito.\u201d<\/p>\n<p><strong>Programa\u00e7\u00e3o<\/strong><\/p>\n<p>Nesta ter\u00e7a-feira (6), o presidente nacional do PDT e da FLB-AP, Carlos Lupi e Manoel Dias, respectivamente, abordar\u00e3o a representatividade de Vargas para os direitos sociais. Denominado \u201cTrabalhadores do Brasil\u201d, o segundo painel enfatizar\u00e1 as conquistas desde o in\u00edcio da marcante gest\u00e3o. Mediado pela professora e ambientalista do PDT de Minas Gerais, Duda Salabert, a atividade receber\u00e1 ainda o senador, Jaques Wagner.<\/p>\n<p>O ex-governador do Cear\u00e1 e vice-presidente nacional do PDT, Ciro Gomes, liderar\u00e1 o encontro que marcar\u00e1 o encerramento da s\u00e9rie. Na quinta-feira (8), a discuss\u00e3o, mediada pela vice-presidente estadual do PDT de S\u00e3o Paulo, Gleides Sodr\u00e9, ser\u00e1 sobre o \u201cDesenvolvimentismo de Vargas\u201d e tamb\u00e9m contar\u00e1 com as contribui\u00e7\u00f5es do doutor em economia e professor da Unicamp, Luiz Gonzaga Beluzzo, e do ge\u00f3logo e ex-diretor da Petrobras, Guilherme Estrella.<\/p>\n<p>Acompanhe, na \u00edntegra, pelo Facebook do CMT:<\/p>\n<p>https:\/\/www.facebook.com\/CentroDeMemoriaTrabalhista\/videos\/353842369362137\/<\/p>\n<!-- AddThis Advanced Settings generic via filter on the_content --><!-- AddThis Share Buttons generic via filter on the_content -->","protected":false},"excerpt":{"rendered":"<p>Debate virtual marcou a abertura do projeto que celebra os 90 anos do movimento popular e nacionalista O protagonismo hist\u00f3rico do ex-presidente da Rep\u00fablica, Get\u00falio Vargas, foi o ponto central da abertura do semin\u00e1rio virtual em homenagem aos 90 anos da Revolu\u00e7\u00e3o de 30. Iniciado nesta segunda-feira (5), o evento contou com o painel \u201cDe&#8230;<!-- AddThis Advanced Settings generic via filter on wp_trim_excerpt --><!-- AddThis Share Buttons generic via filter on wp_trim_excerpt --><\/p>\n","protected":false},"author":17,"featured_media":74010,"comment_status":"closed","ping_status":"closed","sticky":false,"template":"","format":"standard","meta":{"_monsterinsights_skip_tracking":false,"_monsterinsights_sitenote_active":false,"_monsterinsights_sitenote_note":"","_monsterinsights_sitenote_category":0,"_uf_show_specific_survey":0,"_uf_disable_surveys":false,"footnotes":""},"categories":[1390],"tags":[196,3748,3140,3734,4041,4042,3848,437,591,618,831],"class_list":["post-74009","post","type-post","status-publish","format-standard","has-post-thumbnail","hentry","category-editorias","tag-carlos-lupi","tag-celso-furtado","tag-centro-de-memoria-trabalhista","tag-cmt","tag-companhia-siderurgica-nacional","tag-csn","tag-duda-salabert","tag-getulio-vargas","tag-manoel-dias","tag-minas-gerais","tag-revolucao-de-30"],"acf":[],"_links":{"self":[{"href":"https:\/\/pdt-rj.org.br\/index.php\/wp-json\/wp\/v2\/posts\/74009","targetHints":{"allow":["GET"]}}],"collection":[{"href":"https:\/\/pdt-rj.org.br\/index.php\/wp-json\/wp\/v2\/posts"}],"about":[{"href":"https:\/\/pdt-rj.org.br\/index.php\/wp-json\/wp\/v2\/types\/post"}],"author":[{"embeddable":true,"href":"https:\/\/pdt-rj.org.br\/index.php\/wp-json\/wp\/v2\/users\/17"}],"replies":[{"embeddable":true,"href":"https:\/\/pdt-rj.org.br\/index.php\/wp-json\/wp\/v2\/comments?post=74009"}],"version-history":[{"count":5,"href":"https:\/\/pdt-rj.org.br\/index.php\/wp-json\/wp\/v2\/posts\/74009\/revisions"}],"predecessor-version":[{"id":74015,"href":"https:\/\/pdt-rj.org.br\/index.php\/wp-json\/wp\/v2\/posts\/74009\/revisions\/74015"}],"wp:featuredmedia":[{"embeddable":true,"href":"https:\/\/pdt-rj.org.br\/index.php\/wp-json\/wp\/v2\/media\/74010"}],"wp:attachment":[{"href":"https:\/\/pdt-rj.org.br\/index.php\/wp-json\/wp\/v2\/media?parent=74009"}],"wp:term":[{"taxonomy":"category","embeddable":true,"href":"https:\/\/pdt-rj.org.br\/index.php\/wp-json\/wp\/v2\/categories?post=74009"},{"taxonomy":"post_tag","embeddable":true,"href":"https:\/\/pdt-rj.org.br\/index.php\/wp-json\/wp\/v2\/tags?post=74009"}],"curies":[{"name":"wp","href":"https:\/\/api.w.org\/{rel}","templated":true}]}}