{"id":73958,"date":"2020-10-01T23:00:13","date_gmt":"2020-10-02T02:00:13","guid":{"rendered":"http:\/\/pdt-rj.org.br\/?p=73958"},"modified":"2020-10-01T23:00:13","modified_gmt":"2020-10-02T02:00:13","slug":"advogados-do-pdt-analisam-rotinas-para-realizacao-de-propaganda-eleitoral","status":"publish","type":"post","link":"https:\/\/pdt-rj.org.br\/index.php\/advogados-do-pdt-analisam-rotinas-para-realizacao-de-propaganda-eleitoral\/","title":{"rendered":"Advogados do PDT analisam rotinas para realiza\u00e7\u00e3o de propaganda eleitoral"},"content":{"rendered":"<p><strong><em>Mediado por Manoel Dias, o encontro integra a s\u00e9rie de debates promovidos em parceria com a FLB-AP<\/em><\/strong><\/p>\n<p>&nbsp;<\/p>\n<p>O presidente da Funda\u00e7\u00e3o Leonel Brizola \u2013 Alberto Pasqualini (FLB-AP), Manoel Dias, mediou o debate virtual dos advogados do PDT, nesta quinta-feira (1). A nova edi\u00e7\u00e3o do encontro recebeu lideran\u00e7as nacionais para tratar da propaganda nas elei\u00e7\u00f5es de 2020.<\/p>\n<p>Em um formato interativo, o evento abordou os pontos principais do processo de divulga\u00e7\u00e3o de candidaturas, incluindo formatos e locais para contato com o eleitor e apresenta\u00e7\u00e3o dos produtos criados. Entre os participantes, o advogado do PDT Nacional, Marcos Ribeiro, os vice-presidentes da Funda\u00e7\u00e3o na Bahia e em Rond\u00f4nia, Eduardo Rodrigues e Marli Mendon\u00e7a, respectivamente, e o chefe de gabinete do deputado federal Pompeo de Mattos, Jo\u00e3o Carlos.<\/p>\n<p>Com a populariza\u00e7\u00e3o da internet e o impacto da pandemia, os pedetistas indicaram ainda que novos entendimentos est\u00e3o surgindo nos tribunais, bem como est\u00e3o sendo aplicadas altera\u00e7\u00f5es j\u00e1 previstas na legisla\u00e7\u00e3o, entre elas a dimens\u00e3o de produtos impressos, que passa a contar com valor m\u00e1ximo de meio metro quadrado.<\/p>\n<p>Eduardo Rodrigues pontuou exemplos de limita\u00e7\u00f5es geradas pelo Covid-19, incluindo o combate \u00e0s aglomera\u00e7\u00f5es, enquanto Marli Mendon\u00e7a abordou a realidade das disputas na regi\u00e3o Norte do pa\u00eds. Na sequ\u00eancia, Marcos Ribeiro evidenciou a import\u00e2ncia do suporte jur\u00eddico e Jo\u00e3o Carlos relatou a penaliza\u00e7\u00e3o por repassar pesquisas eleitorais sem registro, o que acarreta multa que supera o valor de R$ 53 mil.<\/p>\n<p>Ao destacar a relev\u00e2ncia da s\u00e9rie de qualifica\u00e7\u00f5es ao longo do ano, Manoel Dias avalia que o entendimento da legisla\u00e7\u00e3o garantir\u00e1 aos postulantes aos cargos de prefeito e vereador a plena defesa dos seus direitos e o combate \u00e0s ilegalidades.<\/p>\n<p>\u201cN\u00f3s somos de um partido popular. Mesmo com limita\u00e7\u00f5es, estamos mostrando a for\u00e7a do trabalhismo na luta democr\u00e1tica. Um sinal foi o volume candidaturas competitivas em todo o pa\u00eds\u201d, afirmou Dias, ao citar o apoio do secret\u00e1rio-executivo da Funda\u00e7\u00e3o, Ades Oliveira.<\/p>\n<p>\u201cCom conhecimento e forma\u00e7\u00e3o, nossos representantes far\u00e3o a diferen\u00e7a n\u00e3o s\u00f3 na elei\u00e7\u00e3o, mas na vida dos cidad\u00e3os em milhares de munic\u00edpios. \u00c9 um processo de solidifica\u00e7\u00e3o dos pilares do Projeto Nacional de Desenvolvimento. Com isso, em 2022, vamos eleger nosso companheiro, Ciro Gomes\u201d, completou.<\/p>\n<p>Para conferir todos os detalhes, acesse:<\/p>\n<p><iframe loading=\"lazy\" title=\"ADVOGADOS DO PDT - A propaganda eleitoral nas Elei\u00e7\u00f5es 2020\" width=\"640\" height=\"360\" src=\"https:\/\/www.youtube.com\/embed\/iLSO5T5jYfA?feature=oembed\" frameborder=\"0\" allow=\"accelerometer; autoplay; clipboard-write; encrypted-media; gyroscope; picture-in-picture; web-share\" referrerpolicy=\"strict-origin-when-cross-origin\" allowfullscreen><\/iframe><\/p>\n<p>&nbsp;<\/p>\n<!-- AddThis Advanced Settings generic via filter on the_content --><!-- AddThis Share Buttons generic via filter on the_content -->","protected":false},"excerpt":{"rendered":"<p>Mediado por Manoel Dias, o encontro integra a s\u00e9rie de debates promovidos em parceria com a FLB-AP &nbsp; O presidente da Funda\u00e7\u00e3o Leonel Brizola \u2013 Alberto Pasqualini (FLB-AP), Manoel Dias, mediou o debate virtual dos advogados do PDT, nesta quinta-feira (1). A nova edi\u00e7\u00e3o do encontro recebeu lideran\u00e7as nacionais para tratar da propaganda nas elei\u00e7\u00f5es&#8230;<!-- AddThis Advanced Settings generic via filter on wp_trim_excerpt --><!-- AddThis Share Buttons generic via filter on wp_trim_excerpt --><\/p>\n","protected":false},"author":17,"featured_media":73959,"comment_status":"closed","ping_status":"closed","sticky":false,"template":"","format":"standard","meta":{"_monsterinsights_skip_tracking":false,"_monsterinsights_sitenote_active":false,"_monsterinsights_sitenote_note":"","_monsterinsights_sitenote_category":0,"_uf_show_specific_survey":0,"_uf_disable_surveys":false,"footnotes":""},"categories":[1390,3327],"tags":[220,3348,3265,4032,591],"class_list":["post-73958","post","type-post","status-publish","format-standard","has-post-thumbnail","hentry","category-editorias","category-eleicoes-2020","tag-ciro-gomes","tag-covid-19","tag-eduardo-rodrigues","tag-eleicoes-de-2020","tag-manoel-dias"],"acf":[],"_links":{"self":[{"href":"https:\/\/pdt-rj.org.br\/index.php\/wp-json\/wp\/v2\/posts\/73958","targetHints":{"allow":["GET"]}}],"collection":[{"href":"https:\/\/pdt-rj.org.br\/index.php\/wp-json\/wp\/v2\/posts"}],"about":[{"href":"https:\/\/pdt-rj.org.br\/index.php\/wp-json\/wp\/v2\/types\/post"}],"author":[{"embeddable":true,"href":"https:\/\/pdt-rj.org.br\/index.php\/wp-json\/wp\/v2\/users\/17"}],"replies":[{"embeddable":true,"href":"https:\/\/pdt-rj.org.br\/index.php\/wp-json\/wp\/v2\/comments?post=73958"}],"version-history":[{"count":1,"href":"https:\/\/pdt-rj.org.br\/index.php\/wp-json\/wp\/v2\/posts\/73958\/revisions"}],"predecessor-version":[{"id":73960,"href":"https:\/\/pdt-rj.org.br\/index.php\/wp-json\/wp\/v2\/posts\/73958\/revisions\/73960"}],"wp:featuredmedia":[{"embeddable":true,"href":"https:\/\/pdt-rj.org.br\/index.php\/wp-json\/wp\/v2\/media\/73959"}],"wp:attachment":[{"href":"https:\/\/pdt-rj.org.br\/index.php\/wp-json\/wp\/v2\/media?parent=73958"}],"wp:term":[{"taxonomy":"category","embeddable":true,"href":"https:\/\/pdt-rj.org.br\/index.php\/wp-json\/wp\/v2\/categories?post=73958"},{"taxonomy":"post_tag","embeddable":true,"href":"https:\/\/pdt-rj.org.br\/index.php\/wp-json\/wp\/v2\/tags?post=73958"}],"curies":[{"name":"wp","href":"https:\/\/api.w.org\/{rel}","templated":true}]}}