{"id":73941,"date":"2020-10-01T19:15:24","date_gmt":"2020-10-01T22:15:24","guid":{"rendered":"http:\/\/pdt-rj.org.br\/?p=73941"},"modified":"2020-10-01T22:34:16","modified_gmt":"2020-10-02T01:34:16","slug":"dia-do-idoso-movimento-dos-aposentados-e-pensionistas-do-pdt-reforca-a-importancia-dos-cuidados-com-a-saude","status":"publish","type":"post","link":"https:\/\/pdt-rj.org.br\/index.php\/dia-do-idoso-movimento-dos-aposentados-e-pensionistas-do-pdt-reforca-a-importancia-dos-cuidados-com-a-saude\/","title":{"rendered":"Dia do idoso: Movimento dos Aposentados e Pensionistas do PDT refor\u00e7a a import\u00e2ncia dos cuidados com a sa\u00fade"},"content":{"rendered":"<p>Pela primeira vez, em mais de uma d\u00e9cada, o Movimento dos Aposentados , Pensionistas e Idosos do PDT (Mapi) n\u00e3o se reunir\u00e1 presencialmente para festejar o Dia do Idoso.\u00a0Esta foto da nossa \u00faltima reuni\u00e3o, realizada no ano passado, no Fluminensinho, em Niter\u00f3i (RJ), ganhou mais um ano de validade \u2013 at\u00e9 1\u00ba de outubro de 2021, quando a gente vai celebrar a vit\u00f3ria contra a pandemia.<\/p>\n<p>At\u00e9 l\u00e1, cada um de n\u00f3s tem o dever de cumprir a miss\u00e3o de mais velho consciente: cuidar de si e incentivar aqueles que nos cercam , os que em n\u00f3s acreditam, e servir de par\u00e2metro para os negacionistas \u2013 aqueles que negam a realidade como forma de escapar de uma verdade desconfort\u00e1vel, do perigo iminente.<\/p>\n<p>O Mapi entende que esta tamb\u00e9m \u00e9 uma miss\u00e3o pol\u00edtica,\u00a0 nesta terra que at\u00e9 o usar m\u00e1scara ou n\u00e3o divide o povo brasileiro entre amigos e inimigos, entre avan\u00e7ados e retr\u00f3grados.<\/p>\n<p>N\u00f3s, que esperamos lutando, cada um de sua forma, duas d\u00e9cadas para respirar uma democracia conquistada em 1979, temos, por certo, esperan\u00e7a acumulada para nos alimentar de f\u00e9 pol\u00edtica at\u00e9 2021.<\/p>\n<p>At\u00e9 outubro do ano que vem, quando estaremos reunidos em um grande e afetuoso abra\u00e7o.<\/p>\n<p style=\"text-align: center;\"><strong>Maria Jos\u00e9 Latg\u00e9 Kwamme<\/strong><br \/>\n<strong>Presidente nacional do Movimento dos Aposentados, Pensionistas e Idosos do PDT (Mapi)\u00a0<\/strong><\/p>\n<!-- AddThis Advanced Settings generic via filter on the_content --><!-- AddThis Share Buttons generic via filter on the_content -->","protected":false},"excerpt":{"rendered":"<p>Pela primeira vez, em mais de uma d\u00e9cada, o Movimento dos Aposentados , Pensionistas e Idosos do PDT (Mapi) n\u00e3o se reunir\u00e1 presencialmente para festejar o Dia do Idoso.\u00a0Esta foto da nossa \u00faltima reuni\u00e3o, realizada no ano passado, no Fluminensinho, em Niter\u00f3i (RJ), ganhou mais um ano de validade \u2013 at\u00e9 1\u00ba de outubro de&#8230;<!-- AddThis Advanced Settings generic via filter on wp_trim_excerpt --><!-- AddThis Share Buttons generic via filter on wp_trim_excerpt --><\/p>\n","protected":false},"author":17,"featured_media":73944,"comment_status":"closed","ping_status":"closed","sticky":false,"template":"","format":"standard","meta":{"_monsterinsights_skip_tracking":false,"_monsterinsights_sitenote_active":false,"_monsterinsights_sitenote_note":"","_monsterinsights_sitenote_category":0,"_uf_show_specific_survey":0,"_uf_disable_surveys":false,"footnotes":""},"categories":[1584,1390,1588,1397],"tags":[4031,2651],"class_list":["post-73941","post","type-post","status-publish","format-standard","has-post-thumbnail","hentry","category-artigos","category-editorias","category-mapi","category-movimentos","tag-dia-do-idoso","tag-movimento-dos-aposentados-e-pensionistas"],"acf":[],"_links":{"self":[{"href":"https:\/\/pdt-rj.org.br\/index.php\/wp-json\/wp\/v2\/posts\/73941","targetHints":{"allow":["GET"]}}],"collection":[{"href":"https:\/\/pdt-rj.org.br\/index.php\/wp-json\/wp\/v2\/posts"}],"about":[{"href":"https:\/\/pdt-rj.org.br\/index.php\/wp-json\/wp\/v2\/types\/post"}],"author":[{"embeddable":true,"href":"https:\/\/pdt-rj.org.br\/index.php\/wp-json\/wp\/v2\/users\/17"}],"replies":[{"embeddable":true,"href":"https:\/\/pdt-rj.org.br\/index.php\/wp-json\/wp\/v2\/comments?post=73941"}],"version-history":[{"count":11,"href":"https:\/\/pdt-rj.org.br\/index.php\/wp-json\/wp\/v2\/posts\/73941\/revisions"}],"predecessor-version":[{"id":73956,"href":"https:\/\/pdt-rj.org.br\/index.php\/wp-json\/wp\/v2\/posts\/73941\/revisions\/73956"}],"wp:featuredmedia":[{"embeddable":true,"href":"https:\/\/pdt-rj.org.br\/index.php\/wp-json\/wp\/v2\/media\/73944"}],"wp:attachment":[{"href":"https:\/\/pdt-rj.org.br\/index.php\/wp-json\/wp\/v2\/media?parent=73941"}],"wp:term":[{"taxonomy":"category","embeddable":true,"href":"https:\/\/pdt-rj.org.br\/index.php\/wp-json\/wp\/v2\/categories?post=73941"},{"taxonomy":"post_tag","embeddable":true,"href":"https:\/\/pdt-rj.org.br\/index.php\/wp-json\/wp\/v2\/tags?post=73941"}],"curies":[{"name":"wp","href":"https:\/\/api.w.org\/{rel}","templated":true}]}}