{"id":73933,"date":"2020-09-30T21:47:07","date_gmt":"2020-10-01T00:47:07","guid":{"rendered":"http:\/\/pdt-rj.org.br\/?p=73933"},"modified":"2020-10-18T02:07:37","modified_gmt":"2020-10-18T05:07:37","slug":"pedetistas-organizam-formalizacao-do-movimento-cristaos-trabalhistas","status":"publish","type":"post","link":"https:\/\/pdt-rj.org.br\/index.php\/pedetistas-organizam-formalizacao-do-movimento-cristaos-trabalhistas\/","title":{"rendered":"Pedetistas organizam formaliza\u00e7\u00e3o do Movimento Crist\u00e3os Trabalhistas"},"content":{"rendered":"<p><em><strong>Com 771 filiados signat\u00e1rios, documento simboliza o processo de cria\u00e7\u00e3o do novo organismo do PDT<\/strong><\/em><\/p>\n<p>A for\u00e7a da f\u00e9 para intensificar a luta progressista e combater retrocessos. Em um processo org\u00e2nico de integra\u00e7\u00e3o, 771 filiados do PDT desencadearam a cria\u00e7\u00e3o de um novo movimento: Crist\u00e3os Trabalhistas. Prevista para atuar em n\u00edvel nacional, a iniciativa lan\u00e7ou um manifesto, no \u00faltimo m\u00eas, que apresenta as bandeiras e anseios da milit\u00e2ncia.<\/p>\n<p>\u201cDefendemos com todas as nossas for\u00e7as um estado laico, onde todas as religi\u00f5es, cren\u00e7as e aus\u00eancia de cren\u00e7as sejam protegidas, respeitadas bem como seus lugares de culto sejam resguardados contra toda a forma de viol\u00eancia, ataques, discrimina\u00e7\u00e3o e vilip\u00eandio\u201d, aponta o texto.<\/p>\n<p>\u201cO valor humanit\u00e1rio b\u00e1sico, extra\u00eddo das Sagradas Escrituras, a B\u00edblia, \u00e9 o que norteia nossa luta para que todo ser humano tenha direito e acesso a uma vida digna nesta terra, com acesso \u00e0 \u00e1gua, saneamento, educa\u00e7\u00e3o, sa\u00fade, trabalho digno com remunera\u00e7\u00e3o\u201d, acrescenta.<\/p>\n<p>Para o pastor Alexandre Gon\u00e7alves, lideran\u00e7a que participa do processo de organiza\u00e7\u00e3o desde 2018, o movimento j\u00e1 est\u00e1 sendo constitu\u00eddo em mais de 9 estados, a partir da defini\u00e7\u00e3o de dire\u00e7\u00f5es provis\u00f3rias. Posteriormente, ser\u00e1 feito o pedido formal \u00e0 dire\u00e7\u00e3o nacional do partido, conforme determina o estatuto.<\/p>\n<p>\u201cNa \u00faltima semana, intensificamos as delibera\u00e7\u00f5es para avan\u00e7ar na estrutura\u00e7\u00e3o de representa\u00e7\u00f5es em cada regi\u00e3o do pa\u00eds. Vamos fazer algo consistente e presente, pois os crist\u00e3os podem contribuir com a pol\u00edtica a partir dos ensinamentos b\u00edblicos, al\u00e9m de evitar o uso indevido da palavra de Deus para manipular os cidad\u00e3os\u201d, disse.<\/p>\n<p><strong>Democracia<\/strong><\/p>\n<p>No manifesto, os signat\u00e1rios afirmam ainda que \u201co melhor caminho pol\u00edtico \u00e9 o da modera\u00e7\u00e3o\u201d. Por isso, deixam evidenciado que recha\u00e7am mobiliza\u00e7\u00f5es reacion\u00e1rias que afrontem o estado democr\u00e1tico de direito e ataquem fatias da popula\u00e7\u00e3o, a partir de preconceitos sistem\u00e1ticos.<\/p>\n<p>\u201cNossa solidariedade e fraternidade tamb\u00e9m alcan\u00e7am, com igual for\u00e7a e amor, toda a popula\u00e7\u00e3o brasileira LBTQI+ em sua luta pelo exerc\u00edcio de plena cidadania e contra toda a forma de discrimina\u00e7\u00e3o, viol\u00eancia, \u00f3dio e preconceito, bem como para com as mulheres em sua constante luta por emancipa\u00e7\u00e3o, remunera\u00e7\u00e3o igualit\u00e1ria, defesa contra a viol\u00eancia dom\u00e9stica e pol\u00edticas de seguran\u00e7a que previnam o feminic\u00eddio\u201d, relata.<\/p>\n<p>Para os pedetistas participantes, o desvio dos princ\u00edpios religiosos desencadeou \u201cum duelo de costumes, onde se misturou, de forma insidiosa, valores morais crist\u00e3os e pol\u00edtica\u201d.<\/p>\n<p>\u201cO resultado de toda essa disc\u00f3rdia foi a enorme derrota de todo campo progressista nas elei\u00e7\u00f5es de 2018, onde nosso povo escolheu um projeto diametralmente oposto ao projeto do campo progressista\u201d, afirmam.<\/p>\n<p>Como caminho para reorganizar o pa\u00eds, os integrantes ratificam o legado de \u00edcones do Trabalhismo, incluindo Leonel Brizola, Alberto Pasqualini, Jo\u00e3o Goulart e Darcy Ribeiro. Para eles, a continuidade est\u00e1 simbolizada na viabiliza\u00e7\u00e3o do Projeto Nacional de Desenvolvimento, capitaneado por Ciro Gomes.<\/p>\n<p>\u201cRepresenta um projeto reformista, sem rupturas, que defende distribui\u00e7\u00e3o de renda atrav\u00e9s de uma pol\u00edtica tribut\u00e1ria progressiva, medidas compensat\u00f3rias, emancipa\u00e7\u00e3o dos trabalhadores e a soberania da na\u00e7\u00e3o brasileira. Ao mesmo tempo, protegendo os valores da democracia, as liberdades individuais de cren\u00e7a e ideologia, a propriedade privada e a livre iniciativa, com o reconhecimento pleno dos direitos de todas as minorias, inseridas em um \u00fanico e generoso projeto de Na\u00e7\u00e3o\u201d, descreve o documento.<\/p>\n<!-- AddThis Advanced Settings generic via filter on the_content --><!-- AddThis Share Buttons generic via filter on the_content -->","protected":false},"excerpt":{"rendered":"<p>Com 771 filiados signat\u00e1rios, documento simboliza o processo de cria\u00e7\u00e3o do novo organismo do PDT A for\u00e7a da f\u00e9 para intensificar a luta progressista e combater retrocessos. Em um processo org\u00e2nico de integra\u00e7\u00e3o, 771 filiados do PDT desencadearam a cria\u00e7\u00e3o de um novo movimento: Crist\u00e3os Trabalhistas. Prevista para atuar em n\u00edvel nacional, a iniciativa lan\u00e7ou&#8230;<!-- AddThis Advanced Settings generic via filter on wp_trim_excerpt --><!-- AddThis Share Buttons generic via filter on wp_trim_excerpt --><\/p>\n","protected":false},"author":17,"featured_media":73934,"comment_status":"closed","ping_status":"closed","sticky":false,"template":"","format":"standard","meta":{"_monsterinsights_skip_tracking":false,"_monsterinsights_sitenote_active":false,"_monsterinsights_sitenote_note":"","_monsterinsights_sitenote_category":0,"_uf_show_specific_survey":0,"_uf_disable_surveys":false,"footnotes":""},"categories":[4077,1397,976],"tags":[3598,4072,220,4027,277,514,4028,1541],"class_list":["post-73933","post","type-post","status-publish","format-standard","has-post-thumbnail","hentry","category-movimento-cristaos-trabalhistas","category-movimentos","category-noticias-em-destaque","tag-alberto-pasqualini","tag-alexandre-goncalves","tag-ciro-gomes","tag-cristaos-trabalhistas","tag-darcy-ribeiro","tag-joao-goulart","tag-movimento-cristaos-trabalhistas","tag-projeto-nacional-de-desenvolvimento"],"acf":[],"_links":{"self":[{"href":"https:\/\/pdt-rj.org.br\/index.php\/wp-json\/wp\/v2\/posts\/73933","targetHints":{"allow":["GET"]}}],"collection":[{"href":"https:\/\/pdt-rj.org.br\/index.php\/wp-json\/wp\/v2\/posts"}],"about":[{"href":"https:\/\/pdt-rj.org.br\/index.php\/wp-json\/wp\/v2\/types\/post"}],"author":[{"embeddable":true,"href":"https:\/\/pdt-rj.org.br\/index.php\/wp-json\/wp\/v2\/users\/17"}],"replies":[{"embeddable":true,"href":"https:\/\/pdt-rj.org.br\/index.php\/wp-json\/wp\/v2\/comments?post=73933"}],"version-history":[{"count":2,"href":"https:\/\/pdt-rj.org.br\/index.php\/wp-json\/wp\/v2\/posts\/73933\/revisions"}],"predecessor-version":[{"id":73963,"href":"https:\/\/pdt-rj.org.br\/index.php\/wp-json\/wp\/v2\/posts\/73933\/revisions\/73963"}],"wp:featuredmedia":[{"embeddable":true,"href":"https:\/\/pdt-rj.org.br\/index.php\/wp-json\/wp\/v2\/media\/73934"}],"wp:attachment":[{"href":"https:\/\/pdt-rj.org.br\/index.php\/wp-json\/wp\/v2\/media?parent=73933"}],"wp:term":[{"taxonomy":"category","embeddable":true,"href":"https:\/\/pdt-rj.org.br\/index.php\/wp-json\/wp\/v2\/categories?post=73933"},{"taxonomy":"post_tag","embeddable":true,"href":"https:\/\/pdt-rj.org.br\/index.php\/wp-json\/wp\/v2\/tags?post=73933"}],"curies":[{"name":"wp","href":"https:\/\/api.w.org\/{rel}","templated":true}]}}